{"id":1766,"date":"2011-02-11T10:08:35","date_gmt":"2011-02-11T09:08:35","guid":{"rendered":"http:\/\/www.caths.cz\/wordpress\/?p=1766"},"modified":"2011-02-11T10:08:35","modified_gmt":"2011-02-11T09:08:35","slug":"cyklisticky-reprezentacni-tym-je-v-plne-priprave-na-drahove-ms","status":"publish","type":"post","link":"https:\/\/www.caths.cz\/wordpress\/cyklisticky-reprezentacni-tym-je-v-plne-priprave-na-drahove-ms\/","title":{"rendered":"Cyklistick\u00fd reprezenta\u010dn\u00ed t\u00fdm je v pln\u00e9 p\u0159\u00edprav\u011b na dr\u00e1hov\u00e9 MS"},"content":{"rendered":"<p align=\"justify\">\nV\u0161ichni zdrav\u00ed, v kompletn\u00edm slo\u017een\u00ed a v maxim\u00e1ln\u00ed tr\u00e9ninkov\u00e9 z\u00e1t\u011b\u017ei.<br \/>\nTak i takto stru\u010dn\u011b bychom mohli shrnout aktu\u00e1ln\u00ed zpr\u00e1vy z cyklistick\u00e9ho t\u00e1bora.\n<\/p>\n<p align=\"justify\"> P\u0159\u00edprava na halov\u00e9 mistrovstv\u00ed sv\u011bta v cyklistice, kter\u00e9 se uskute\u010dn\u00ed ve dnech 9. a\u017e 13. b\u0159ezna v italsk\u00e9m Montichiari, byla pon\u011bkud naru\u0161ena v\u00edce ne\u017e t\u0159\u00edm\u011bs\u00ed\u010dn\u00ed opravou topen\u00ed v motolsk\u00e9 hale. Na\u0161i reprezentanti se tak k pravideln\u00fdm spole\u010dn\u00fdm tr\u00e9nink\u016fm mohli za\u010d\u00edt sch\u00e1zet a\u017e od 1. ledna tohoto roku. Nicm\u00e9n\u011b i p\u0159es tento v\u00fdpadek b\u011b\u017e\u00ed p\u0159\u00edprava p\u0159esn\u011b podle pl\u00e1nu, jak p\u0159ibli\u017euje reprezenta\u010dn\u00ed tren\u00e9r t\u011blesn\u011b a zrakov\u011b handicapovan\u00fdch cyklist\u016f, Viktor Zapletal: <br \/> <em> &#8222;Tr\u00e9nujeme spole\u010dn\u011b 3x t\u00fddn\u011b, v ostatn\u00edch dnech se kluci p\u0159ipravuj\u00ed podle sv\u00fdch osobn\u00edch tr\u00e9ninkov\u00fdch pl\u00e1n\u016f. V pond\u011bl\u00ed se k t\u00fdmu p\u0159idali Jirka Je\u017eek s Tom\u00e1\u0161em Kvasni\u010dkou, kte\u0159\u00ed byli na soust\u0159ed\u011bn\u00ed na Lanzarotte, tak\u017ee jsme kompletn\u00ed. <br \/>Chyb\u00ed n\u00e1m pouze tandem sprinter\u016f, Pavel Bur\u00e1\u0148 s Ale\u0161em Moravcem, kte\u0159\u00ed se p\u0159ipravovali v hale ve V\u00eddni a nyn\u00ed jsou na soust\u0159ed\u011bn\u00ed na Mallorce, ale i oni se k t\u00fdmu v nejbli\u017e\u0161\u00edch dnech p\u0159ipoj\u00ed. <br \/>Kluci jsou v po\u0159\u00e1dku, odvedli v zim\u011b obrovskou tr\u00e9ninkovou pr\u00e1ci a zhruba se d\u00e1 \u0159\u00edci, podle kontroln\u00edch \u010das\u016f, \u017ee u\u017e nyn\u00ed jsou na \u00farovni sv\u00e9ho lo\u0148sk\u00e9ho maxima. M\u00e1m radost z Tom\u00e1\u0161e, kter\u00fd se celou zimu v\u011bnoval tr\u00e9ninku a po protr\u00e1pen\u00e9 lo\u0148sk\u00e9 sez\u00f3n\u011b je zp\u011bt v pln\u00e9 kondici, obdivuhodn\u00e1 je v\u00fdkonnost Jirky Je\u017eka, kter\u00fd k t\u011b\u017ek\u00e9mu p\u0159evodu, kter\u00fd doposud jezdil a kter\u00fd je extr\u00e9mn\u00ed i pro profesion\u00e1ly bez handicapu, p\u0159idal je\u0161t\u011b t\u011b\u017e\u0161\u00ed p\u0159evod a v tr\u00e9ninku jezd\u00ed opravdu vynikaj\u00edc\u00edm zp\u016fsobem. Spole\u010dn\u00e1 dr\u00e1hov\u00e1 p\u0159\u00edprava sv\u011bd\u010d\u00ed i dal\u0161\u00edmu medailistovi z minul\u00fdch MS, Michalovi Starkovi a domn\u00edv\u00e1m se, \u017ee s na\u0161\u00edm veter\u00e1nem budou m\u00edt ostatn\u00ed z\u00e1vodn\u00edci kategorie C2 v\u00edce ne\u017e dost starost\u00ed, co\u017e ale plat\u00ed i o tandemu Jirka Chyba \u2013 Marek Moflar, kte\u0159\u00ed jsou sice v\u011bkov\u011b nejmlad\u0161\u00ed pos\u00e1dkou v po\u010detn\u00e9m pelotonu tandem\u016f, nicm\u00e9n\u011b aktu\u00e1ln\u011b 6. pozice sv\u011bta v rankingu UCI bud\u00ed respekt a jich v\u00fdkonnost to potvrzuje. Ka\u017ed\u00fdm tr\u00e9ninkem se lep\u0161\u00ed i Radim Pavl\u00edk a nov\u00e1\u010dek t\u00fdmu Mirek Dongres a velmi dob\u0159e vypad\u00e1 i n\u00e1\u0161 druh\u00fd tandem, kter\u00fd bude samoz\u0159ejm\u011b nejv\u00edce t\u011b\u017eit ze zku\u0161enosti jednoho z na\u0161ich v\u016fbec nejlep\u0161\u00edch dr\u00e1hov\u00fdch sprinter\u016f, dr\u017eitele 11 medail\u00ed z MS, pilota Pavla Bur\u00e1n\u011b.&#8220; <\/em> <\/p>\n<p> <img decoding=\"async\" src=\"\/wordpress\/image\/k_clankum\/img_9844.jpg\"><\/p>\n","protected":false},"excerpt":{"rendered":"<a href=\"https:\/\/www.caths.cz\/wordpress\/cyklisticky-reprezentacni-tym-je-v-plne-priprave-na-drahove-ms\/\"><img loading=\"lazy\" decoding=\"async\" width=\"100\" height=\"100\" src=\"https:\/\/www.caths.cz\/wordpress\/wp-content\/plugins\/thumbnail-for-excerpts\/tfe_no_thumb.png\" class=\"alignleft wp-post-image tfe\" alt=\"\" title=\"\" \/><\/a><p>V\u0161ichni zdrav\u00ed, v kompletn\u00edm slo\u017een\u00ed a v maxim\u00e1ln\u00ed tr\u00e9ninkov\u00e9 z\u00e1t\u011b\u017ei. Tak i takto stru\u010dn\u011b bychom mohli shrnout aktu\u00e1ln\u00ed zpr\u00e1vy z cyklistick\u00e9ho t\u00e1bora. P\u0159\u00edprava na halov\u00e9 mistrovstv\u00ed sv\u011bta v cyklistice, kter\u00e9 [&hellip;]<\/p>\n","protected":false},"author":1,"featured_media":0,"comment_status":"closed","ping_status":"closed","sticky":false,"template":"","format":"standard","meta":{"ngg_post_thumbnail":0,"footnotes":""},"categories":[2],"tags":[],"class_list":["post-1766","post","type-post","status-publish","format-standard","hentry","category-cyklistika"],"_links":{"self":[{"href":"https:\/\/www.caths.cz\/wordpress\/wp-json\/wp\/v2\/posts\/1766","targetHints":{"allow":["GET"]}}],"collection":[{"href":"https:\/\/www.caths.cz\/wordpress\/wp-json\/wp\/v2\/posts"}],"about":[{"href":"https:\/\/www.caths.cz\/wordpress\/wp-json\/wp\/v2\/types\/post"}],"author":[{"embeddable":true,"href":"https:\/\/www.caths.cz\/wordpress\/wp-json\/wp\/v2\/users\/1"}],"replies":[{"embeddable":true,"href":"https:\/\/www.caths.cz\/wordpress\/wp-json\/wp\/v2\/comments?post=1766"}],"version-history":[{"count":0,"href":"https:\/\/www.caths.cz\/wordpress\/wp-json\/wp\/v2\/posts\/1766\/revisions"}],"wp:attachment":[{"href":"https:\/\/www.caths.cz\/wordpress\/wp-json\/wp\/v2\/media?parent=1766"}],"wp:term":[{"taxonomy":"category","embeddable":true,"href":"https:\/\/www.caths.cz\/wordpress\/wp-json\/wp\/v2\/categories?post=1766"},{"taxonomy":"post_tag","embeddable":true,"href":"https:\/\/www.caths.cz\/wordpress\/wp-json\/wp\/v2\/tags?post=1766"}],"curies":[{"name":"wp","href":"https:\/\/api.w.org\/{rel}","templated":true}]}}