{"id":1765,"date":"2011-02-10T09:53:42","date_gmt":"2011-02-10T08:53:42","guid":{"rendered":"http:\/\/www.caths.cz\/wordpress\/?p=1765"},"modified":"2011-02-10T09:53:42","modified_gmt":"2011-02-10T08:53:42","slug":"cesti-sledge-hokejiste-odleteli-na-me-do-svedska","status":"publish","type":"post","link":"https:\/\/www.caths.cz\/wordpress\/cesti-sledge-hokejiste-odleteli-na-me-do-svedska\/","title":{"rendered":"\u010ce\u0161t\u00ed sledge hokejist\u00e9 odlet\u011bli na ME do \u0160v\u00e9dska"},"content":{"rendered":"<p align=\"justify\">\nV\u0161ech 14 hr\u00e1\u010d\u016f a 6 \u010dlen\u016f realiza\u010dn\u00edho t\u00fdmu se se\u0161lo v \u00fatern\u00edm podve\u010deru na ruzy\u0148sk\u00e9m leti\u0161ti. <\/p>\n<p align=\"justify\"> Hr\u00e1\u010di odlet\u011bli do Stockholmu velmi nalehko, jen s osobn\u00edmi ba\u0165\u016f\u017eky, co\u017e u sledge hokeje neb\u00fdv\u00e1 zvykem. D\u016fvodem tohoto &#8222;odleh\u010den\u00ed&#8220; bylo, \u017ee ve\u0161ker\u00fd sportovn\u00ed materi\u00e1l, sledge, v\u00fdstroj mu\u017estva, ale i 60 kg klob\u00e1s (pro p\u0159\u00edpad, \u017ee by chlapc\u016fm lehk\u00e1 \u0161v\u00e9dsk\u00e1 strava nesta\u010dila), to v\u0161e v celkov\u00e9 hmotnosti p\u0159es 700kg, veze do \u0160v\u00e9dska autobus, kter\u00fd ve Stockholmu nabere i cel\u00fd t\u00fdm a doveze je do d\u011bji\u0161t\u011b mistrovstv\u00ed Evropy Solleftey. <br \/> Hr\u00e1\u010di budou 10. a 11. \u00fanora absolvovat v m\u00edstn\u00ed ar\u00e9n\u011b tr\u00e9ninky a 12. \u00fanora nastoup\u00ed k prvn\u00edmu z\u00e1pasu proti \u0160v\u00e9dsku. <\/p>\n<p> <img decoding=\"async\" src=\"\/wordpress\/image\/k_clankum\/IMG_3693.jpg\"><\/p>\n<p> <img decoding=\"async\" src=\"\/wordpress\/image\/k_clankum\/IMG_3694.jpg\"><\/p>\n<p> <img decoding=\"async\" src=\"\/wordpress\/image\/k_clankum\/IMG_3698.jpg\"><\/p>\n<p> <img decoding=\"async\" src=\"\/wordpress\/image\/k_clankum\/IMG_3699.jpg\"><\/p>\n","protected":false},"excerpt":{"rendered":"<a href=\"https:\/\/www.caths.cz\/wordpress\/cesti-sledge-hokejiste-odleteli-na-me-do-svedska\/\"><img loading=\"lazy\" decoding=\"async\" width=\"100\" height=\"100\" src=\"https:\/\/www.caths.cz\/wordpress\/wp-content\/plugins\/thumbnail-for-excerpts\/tfe_no_thumb.png\" class=\"alignleft wp-post-image tfe\" alt=\"\" title=\"\" \/><\/a><p>V\u0161ech 14 hr\u00e1\u010d\u016f a 6 \u010dlen\u016f realiza\u010dn\u00edho t\u00fdmu se se\u0161lo v \u00fatern\u00edm podve\u010deru na ruzy\u0148sk\u00e9m leti\u0161ti. Hr\u00e1\u010di odlet\u011bli do Stockholmu velmi nalehko, jen s osobn\u00edmi ba\u0165\u016f\u017eky, co\u017e u sledge hokeje [&hellip;]<\/p>\n","protected":false},"author":1,"featured_media":0,"comment_status":"closed","ping_status":"closed","sticky":false,"template":"","format":"standard","meta":{"ngg_post_thumbnail":0,"footnotes":""},"categories":[17],"tags":[],"class_list":["post-1765","post","type-post","status-publish","format-standard","hentry","category-sledge-hokej"],"_links":{"self":[{"href":"https:\/\/www.caths.cz\/wordpress\/wp-json\/wp\/v2\/posts\/1765","targetHints":{"allow":["GET"]}}],"collection":[{"href":"https:\/\/www.caths.cz\/wordpress\/wp-json\/wp\/v2\/posts"}],"about":[{"href":"https:\/\/www.caths.cz\/wordpress\/wp-json\/wp\/v2\/types\/post"}],"author":[{"embeddable":true,"href":"https:\/\/www.caths.cz\/wordpress\/wp-json\/wp\/v2\/users\/1"}],"replies":[{"embeddable":true,"href":"https:\/\/www.caths.cz\/wordpress\/wp-json\/wp\/v2\/comments?post=1765"}],"version-history":[{"count":0,"href":"https:\/\/www.caths.cz\/wordpress\/wp-json\/wp\/v2\/posts\/1765\/revisions"}],"wp:attachment":[{"href":"https:\/\/www.caths.cz\/wordpress\/wp-json\/wp\/v2\/media?parent=1765"}],"wp:term":[{"taxonomy":"category","embeddable":true,"href":"https:\/\/www.caths.cz\/wordpress\/wp-json\/wp\/v2\/categories?post=1765"},{"taxonomy":"post_tag","embeddable":true,"href":"https:\/\/www.caths.cz\/wordpress\/wp-json\/wp\/v2\/tags?post=1765"}],"curies":[{"name":"wp","href":"https:\/\/api.w.org\/{rel}","templated":true}]}}