{"id":1764,"date":"2011-02-09T09:26:47","date_gmt":"2011-02-09T08:26:47","guid":{"rendered":"http:\/\/www.caths.cz\/wordpress\/?p=1764"},"modified":"2011-02-09T09:26:47","modified_gmt":"2011-02-09T08:26:47","slug":"rozhovor-s-trenerem-ceske-sledge-hokejove-reprezentace-tomasem-zelenkou-pred-odletem-na-me-do-svedska","status":"publish","type":"post","link":"https:\/\/www.caths.cz\/wordpress\/rozhovor-s-trenerem-ceske-sledge-hokejove-reprezentace-tomasem-zelenkou-pred-odletem-na-me-do-svedska\/","title":{"rendered":"Rozhovor s tren\u00e9rem \u010desk\u00e9 sledge hokejov\u00e9 reprezentace Tom\u00e1\u0161em Zelenkou p\u0159ed odletem na ME do \u0160v\u00e9dska"},"content":{"rendered":"<p><P ALIGN=\"JUSTIFY\"> <strong> 1. V jak\u00e9 form\u011b je \u010cesk\u00fd sledge hokejov\u00fd t\u00fdm?<\/strong><\/p>\n<p> <em> T\u011b\u017ek\u00e1 ot\u00e1zka. Nevyhnula se n\u00e1m v sou\u010dasnosti \u0159\u00e1d\u00edc\u00ed vir\u00f3za, nicm\u00e9n\u011b douf\u00e1m, \u017ee i p\u0159es tuto nep\u0159\u00edjemnost budeme na vrchol sez\u00f3ny p\u0159ipraveni.<\/em><\/p>\n<p> <strong> 2. Jak\u00fd z\u00e1pas pro n\u00e1s bude kl\u00ed\u010dov\u00fd?<\/strong><\/p>\n<p> <em> Teorie mluv\u00ed o t\u0159ech adeptech na dv\u011b postupov\u00e1 m\u00edsta. \u00davodn\u00ed z\u00e1pas se \u0160v\u00e9dskem, kter\u00e9 pat\u0159\u00ed mezi postupov\u00e9 adepty, rozhodn\u011b napov\u00ed. V\u00edt\u011bz by pot\u00e9 m\u011bl b\u00fdt u\u017e jen kr\u016f\u010dek od medailov\u00fdch boj\u016f.<\/em><\/p>\n<p> <img decoding=\"async\" src=\"\/wordpress\/image\/k_clankum\/prilet_vancouver_527.jpg\" ALIGN=\"left\" HSPACE=5 VSPACE=5> <strong> 3. M\u00e1me \u0161anci nav\u00e1zat na lon\u0161k\u00fd v\u00fdrazn\u00fd \u00fasp\u011bch na paralympi\u00e1d\u011b ve Vancouveru?<\/strong><\/p>\n<p> <em> To rozhodn\u011b, a snad se n\u00e1m to povede.<\/em><\/p>\n<p> <strong> 4. Jsou v t\u00fdmu n\u011bjak\u00e9 zm\u011bny oproti Vancouveru?<\/strong><\/p>\n<p> <em> K\u00e1dr z\u016fstal stejn\u00fd, pouze do\u0161lo ke zm\u011bn\u00e1m v jednotliv\u00fdch \u00fatoc\u00edch.<\/em><\/p>\n<p> <strong> 5. Kdo jsou na\u0161i kl\u00ed\u010dov\u00ed hr\u00e1\u010di?<\/strong><\/p>\n<p> <em> Ka\u017ed\u00fd je pro n\u00e1s kl\u00ed\u010dov\u00fd, nebo alespo\u0148 j\u00edm m\u016f\u017ee b\u00fdt, nebo\u0165 ka\u017ed\u00e9mu vyhovuje jin\u00fd soupe\u0159 a m\u016f\u017ee tedy kdokoli rozhodnout. <\/em><\/p>\n<p> <strong> 6. V anket\u011b na www.caths.cz v\u011b\u0159\u00ed 87% respondent\u016f, \u017ee p\u0159ivezete ze \u0160v\u00e9dska medaili. Jak byste hlasoval Vy?<\/strong><\/p>\n<p> <em> Je to na\u0161e p\u0159\u00e1n\u00ed a z\u00e1rove\u0148 n\u00e1\u0161 c\u00edl, v\u011b\u0159\u00edm, \u017ee se n\u00e1m to povede:-).<\/em><\/p>\n<p> Hodn\u011b \u0161t\u011bst\u00ed a d\u011bkujeme za rozhovor! <\/p>\n","protected":false},"excerpt":{"rendered":"<a href=\"https:\/\/www.caths.cz\/wordpress\/rozhovor-s-trenerem-ceske-sledge-hokejove-reprezentace-tomasem-zelenkou-pred-odletem-na-me-do-svedska\/\"><img loading=\"lazy\" decoding=\"async\" width=\"100\" height=\"100\" src=\"https:\/\/www.caths.cz\/wordpress\/wp-content\/plugins\/thumbnail-for-excerpts\/tfe_no_thumb.png\" class=\"alignleft wp-post-image tfe\" alt=\"\" title=\"\" \/><\/a><p>1. V jak\u00e9 form\u011b je \u010cesk\u00fd sledge hokejov\u00fd t\u00fdm? T\u011b\u017ek\u00e1 ot\u00e1zka. Nevyhnula se n\u00e1m v sou\u010dasnosti \u0159\u00e1d\u00edc\u00ed vir\u00f3za, nicm\u00e9n\u011b douf\u00e1m, \u017ee i p\u0159es tuto nep\u0159\u00edjemnost budeme na vrchol sez\u00f3ny p\u0159ipraveni. [&hellip;]<\/p>\n","protected":false},"author":1,"featured_media":0,"comment_status":"closed","ping_status":"closed","sticky":false,"template":"","format":"standard","meta":{"ngg_post_thumbnail":0,"footnotes":""},"categories":[16],"tags":[],"class_list":["post-1764","post","type-post","status-publish","format-standard","hentry","category-rozhovory"],"_links":{"self":[{"href":"https:\/\/www.caths.cz\/wordpress\/wp-json\/wp\/v2\/posts\/1764","targetHints":{"allow":["GET"]}}],"collection":[{"href":"https:\/\/www.caths.cz\/wordpress\/wp-json\/wp\/v2\/posts"}],"about":[{"href":"https:\/\/www.caths.cz\/wordpress\/wp-json\/wp\/v2\/types\/post"}],"author":[{"embeddable":true,"href":"https:\/\/www.caths.cz\/wordpress\/wp-json\/wp\/v2\/users\/1"}],"replies":[{"embeddable":true,"href":"https:\/\/www.caths.cz\/wordpress\/wp-json\/wp\/v2\/comments?post=1764"}],"version-history":[{"count":0,"href":"https:\/\/www.caths.cz\/wordpress\/wp-json\/wp\/v2\/posts\/1764\/revisions"}],"wp:attachment":[{"href":"https:\/\/www.caths.cz\/wordpress\/wp-json\/wp\/v2\/media?parent=1764"}],"wp:term":[{"taxonomy":"category","embeddable":true,"href":"https:\/\/www.caths.cz\/wordpress\/wp-json\/wp\/v2\/categories?post=1764"},{"taxonomy":"post_tag","embeddable":true,"href":"https:\/\/www.caths.cz\/wordpress\/wp-json\/wp\/v2\/tags?post=1764"}],"curies":[{"name":"wp","href":"https:\/\/api.w.org\/{rel}","templated":true}]}}