{"id":1763,"date":"2011-02-08T09:52:22","date_gmt":"2011-02-08T08:52:22","guid":{"rendered":"http:\/\/www.caths.cz\/wordpress\/?p=1763"},"modified":"2011-02-08T09:52:22","modified_gmt":"2011-02-08T08:52:22","slug":"nasi-nejlepsi-handbikeri-jsou-v-plne-priprave-na-novou-sezonu","status":"publish","type":"post","link":"https:\/\/www.caths.cz\/wordpress\/nasi-nejlepsi-handbikeri-jsou-v-plne-priprave-na-novou-sezonu\/","title":{"rendered":"Na\u0161i nejlep\u0161\u00ed handbike\u0159i jsou v pln\u00e9 p\u0159\u00edprav\u011b na novou sez\u00f3nu"},"content":{"rendered":"<p align=\"justify\"> V deseti dnech absolvovali v\u00edce ne\u017e 800 hodnotn\u00fdch tr\u00e9ninkov\u00fdch kilometr\u016f na ostrov\u011b handbik\u016fm zasl\u00edben\u00e9m &#8211; Lanzarotte.<br \/> Pro Michala, kter\u00fd se rychle zotavuje po zdravotn\u00edch komplikac\u00edch z minul\u00e9ho roku, to bylo z\u00e1rove\u0148 prvn\u00ed soust\u0159ed\u011bn\u00ed, kter\u00e9 absolvoval v dresu nov\u00e9ho t\u00fdmu &#8211; NUTREND Specialized.<br \/> V nejbli\u017e\u0161\u00edch dnech \u010dek\u00e1 oba borce dal\u0161\u00ed, nem\u00e9n\u011b n\u00e1ro\u010dn\u00fd tr\u00e9ninkov\u00fd camp, tentokr\u00e1t na ostrov\u011b Mallorca. <\/p>\n<p> <img decoding=\"async\" src=\"\/wordpress\/image\/k_clankum\/P1000550.jpg\"><\/p>\n","protected":false},"excerpt":{"rendered":"<a href=\"https:\/\/www.caths.cz\/wordpress\/nasi-nejlepsi-handbikeri-jsou-v-plne-priprave-na-novou-sezonu\/\"><img loading=\"lazy\" decoding=\"async\" width=\"100\" height=\"100\" src=\"https:\/\/www.caths.cz\/wordpress\/wp-content\/plugins\/thumbnail-for-excerpts\/tfe_no_thumb.png\" class=\"alignleft wp-post-image tfe\" alt=\"\" title=\"\" \/><\/a><p>V deseti dnech absolvovali v\u00edce ne\u017e 800 hodnotn\u00fdch tr\u00e9ninkov\u00fdch kilometr\u016f na ostrov\u011b handbik\u016fm zasl\u00edben\u00e9m &#8211; Lanzarotte. Pro Michala, kter\u00fd se rychle zotavuje po zdravotn\u00edch komplikac\u00edch z minul\u00e9ho roku, to bylo [&hellip;]<\/p>\n","protected":false},"author":1,"featured_media":0,"comment_status":"closed","ping_status":"closed","sticky":false,"template":"","format":"standard","meta":{"ngg_post_thumbnail":0,"footnotes":""},"categories":[9],"tags":[],"class_list":["post-1763","post","type-post","status-publish","format-standard","hentry","category-handbike"],"_links":{"self":[{"href":"https:\/\/www.caths.cz\/wordpress\/wp-json\/wp\/v2\/posts\/1763","targetHints":{"allow":["GET"]}}],"collection":[{"href":"https:\/\/www.caths.cz\/wordpress\/wp-json\/wp\/v2\/posts"}],"about":[{"href":"https:\/\/www.caths.cz\/wordpress\/wp-json\/wp\/v2\/types\/post"}],"author":[{"embeddable":true,"href":"https:\/\/www.caths.cz\/wordpress\/wp-json\/wp\/v2\/users\/1"}],"replies":[{"embeddable":true,"href":"https:\/\/www.caths.cz\/wordpress\/wp-json\/wp\/v2\/comments?post=1763"}],"version-history":[{"count":0,"href":"https:\/\/www.caths.cz\/wordpress\/wp-json\/wp\/v2\/posts\/1763\/revisions"}],"wp:attachment":[{"href":"https:\/\/www.caths.cz\/wordpress\/wp-json\/wp\/v2\/media?parent=1763"}],"wp:term":[{"taxonomy":"category","embeddable":true,"href":"https:\/\/www.caths.cz\/wordpress\/wp-json\/wp\/v2\/categories?post=1763"},{"taxonomy":"post_tag","embeddable":true,"href":"https:\/\/www.caths.cz\/wordpress\/wp-json\/wp\/v2\/tags?post=1763"}],"curies":[{"name":"wp","href":"https:\/\/api.w.org\/{rel}","templated":true}]}}