{"id":1760,"date":"2011-02-06T09:55:09","date_gmt":"2011-02-06T08:55:09","guid":{"rendered":"http:\/\/www.caths.cz\/wordpress\/?p=1760"},"modified":"2011-02-06T09:55:09","modified_gmt":"2011-02-06T08:55:09","slug":"novy-handbike-vaclava-antala","status":"publish","type":"post","link":"https:\/\/www.caths.cz\/wordpress\/novy-handbike-vaclava-antala\/","title":{"rendered":"Nov\u00fd handbike V\u00e1clava Antala"},"content":{"rendered":"<p align=\"justify\">\nV pln\u00e9m tr\u00e9ninku na nadch\u00e1zej\u00edc\u00ed sez\u00f3nu jsou na\u0161i handbike\u0159i, kte\u0159\u00ed se nijak<br \/>\nnetaj\u00ed t\u00edm, \u017ee by na mezin\u00e1rodn\u00edm poli op\u011bt cht\u011bli za\u010d\u00edt bojovat o pocty<br \/>\nnejvy\u0161\u0161\u00ed.<\/p>\n<p align=\"justify\"> V\u00fdkony na konci lo\u0148sk\u00e9 sez\u00f3ny nasv\u011bd\u010duj\u00ed tomu, \u017ee jejich p\u0159\u00e1n\u00ed nejsou nere\u00e1ln\u00e1, jen nam\u00e1tkou si p\u0159ipome\u0148me vynikaj\u00edc\u00ed v\u00fdkon Honzy Tom\u00e1nka p\u0159i Evropsk\u00e9m poh\u00e1ru v Praze na Strahov\u011b.<br \/> Opod\u00e1l jist\u011b nez\u016fstane ani \u00fa\u0159aduj\u00edc\u00ed mistr \u010cesk\u00e9 republiky a jeden z objev\u016f lo\u0148sk\u00e9ho roku V\u00e1clav Antal, kter\u00fd u\u017e d\u00edky sv\u00fdm v\u00fdkon\u016fm obdr\u017eel od reprezenta\u010dn\u00edho tren\u00e9ra Viktora Zapletala pozv\u00e1nku do n\u00e1rodn\u00edho t\u00fdmu.<br \/> A Va\u0161ek se nev\u011bnuje pouze maxim\u00e1ln\u00edmu tr\u00e9ninku. Velkou pozornost v\u011bnuje i sv\u00e9mu handbike, pod\u00edvejte se na jak\u00e9m stroji bude \u00fa\u0159aduj\u00edc\u00ed mistr \u010cesk\u00e9 republiky z\u00e1vodit v sez\u00f3n\u011b 2011. <\/p>\n<p> <img decoding=\"async\" src=\"\/wordpress\/image\/k_clankum\/handbike R2 - 1 kopie.jpg\"><\/p>\n","protected":false},"excerpt":{"rendered":"<a href=\"https:\/\/www.caths.cz\/wordpress\/novy-handbike-vaclava-antala\/\"><img loading=\"lazy\" decoding=\"async\" width=\"100\" height=\"100\" src=\"https:\/\/www.caths.cz\/wordpress\/wp-content\/plugins\/thumbnail-for-excerpts\/tfe_no_thumb.png\" class=\"alignleft wp-post-image tfe\" alt=\"\" title=\"\" \/><\/a><p>V pln\u00e9m tr\u00e9ninku na nadch\u00e1zej\u00edc\u00ed sez\u00f3nu jsou na\u0161i handbike\u0159i, kte\u0159\u00ed se nijak netaj\u00ed t\u00edm, \u017ee by na mezin\u00e1rodn\u00edm poli op\u011bt cht\u011bli za\u010d\u00edt bojovat o pocty nejvy\u0161\u0161\u00ed. V\u00fdkony na konci lo\u0148sk\u00e9 [&hellip;]<\/p>\n","protected":false},"author":1,"featured_media":0,"comment_status":"closed","ping_status":"closed","sticky":false,"template":"","format":"standard","meta":{"ngg_post_thumbnail":0,"footnotes":""},"categories":[9],"tags":[],"class_list":["post-1760","post","type-post","status-publish","format-standard","hentry","category-handbike"],"_links":{"self":[{"href":"https:\/\/www.caths.cz\/wordpress\/wp-json\/wp\/v2\/posts\/1760","targetHints":{"allow":["GET"]}}],"collection":[{"href":"https:\/\/www.caths.cz\/wordpress\/wp-json\/wp\/v2\/posts"}],"about":[{"href":"https:\/\/www.caths.cz\/wordpress\/wp-json\/wp\/v2\/types\/post"}],"author":[{"embeddable":true,"href":"https:\/\/www.caths.cz\/wordpress\/wp-json\/wp\/v2\/users\/1"}],"replies":[{"embeddable":true,"href":"https:\/\/www.caths.cz\/wordpress\/wp-json\/wp\/v2\/comments?post=1760"}],"version-history":[{"count":0,"href":"https:\/\/www.caths.cz\/wordpress\/wp-json\/wp\/v2\/posts\/1760\/revisions"}],"wp:attachment":[{"href":"https:\/\/www.caths.cz\/wordpress\/wp-json\/wp\/v2\/media?parent=1760"}],"wp:term":[{"taxonomy":"category","embeddable":true,"href":"https:\/\/www.caths.cz\/wordpress\/wp-json\/wp\/v2\/categories?post=1760"},{"taxonomy":"post_tag","embeddable":true,"href":"https:\/\/www.caths.cz\/wordpress\/wp-json\/wp\/v2\/tags?post=1760"}],"curies":[{"name":"wp","href":"https:\/\/api.w.org\/{rel}","templated":true}]}}