{"id":1719,"date":"2011-01-11T00:12:46","date_gmt":"2011-01-10T23:12:46","guid":{"rendered":"http:\/\/www.caths.cz\/wordpress\/?p=1719"},"modified":"2011-01-11T00:12:46","modified_gmt":"2011-01-10T23:12:46","slug":"king-of-prague-mtb-v-praze-aneb-cesky-pohar-mtb-handicapovanych-cyklistu","status":"publish","type":"post","link":"https:\/\/www.caths.cz\/wordpress\/king-of-prague-mtb-v-praze-aneb-cesky-pohar-mtb-handicapovanych-cyklistu\/","title":{"rendered":"King of Prague \u2013 MTB v Praze, aneb \u010cesk\u00fd poh\u00e1r MTB handicapovan\u00fdch cyklist\u016f"},"content":{"rendered":"<p align=\"justify\"> A nebude to z\u00e1vod ledajak\u00fd, v ned\u011bli 15. kv\u011btna 2011 se v Praze \u0158ep\u00edch v are\u00e1lu Bikros klubu \u0158epy uskute\u010dn\u00ed akce, kter\u00e1 sv\u00fdm rozsahem m\u016f\u017ee p\u0159ipom\u00ednat kdysi slavnou Pra\u017eskou ligu horsk\u00fdch kol.<br \/> <img decoding=\"async\" src=\"\/wordpress\/image\/k_clankum\/kocman_prazsky_cyklokros_min.jpg\" ALIGN=\"right\" HSPACE=5 VSPACE=5> Od \u010dasn\u00fdch rann\u00edch hodin uvid\u00edme z\u00e1vodit v samostatn\u00fdch z\u00e1vodech, na klasick\u00e9m XC okruhu, cel\u00e9 spektrum vyznava\u010d\u016f horsk\u00fdch kol, od d\u011bt\u00ed p\u0159ed\u0161koln\u00edho v\u011bku, juniorsk\u00fdch kategori\u00ed, p\u0159es hobby cyklisty a\u017e po v\u0161echny kategorie veter\u00e1n\u016f. Z\u00e1vodit budou tak\u00e9 handicapovan\u00ed cyklist\u00e9, kte\u0159\u00ed sv\u016fj z\u00e1vod pojedou jako podnik \u010cesk\u00e9ho poh\u00e1ru MTB handicapovan\u00fdch cyklist\u016f a to v\u010detn\u011b kategorie MTB handbike.<br \/> Div\u00e1cky atraktivn\u00ed by m\u011bl b\u00fdt z\u00e1vod ELITE, kde se p\u0159edpokl\u00e1d\u00e1 \u00fa\u010dast sv\u011btov\u00e9 jedni\u010dky Jaroslava Kulhav\u00e9ho. Po\u0159adatel\u00e9 ale p\u0159epokl\u00e1daj\u00ed, \u017ee na z\u00e1vod pozvou na\u0161i kompletn\u00ed \u0161pi\u010dku MTB a cyklokrosu, podobn\u011b, jako tomu bylo na podzim p\u0159i cyklokrosov\u00e9m z\u00e1vod\u011b.<br \/> Pojede se na pe\u010dliv\u011b vybran\u00e9 trati, kter\u00e1 bude n\u00e1ro\u010dn\u00e1, div\u00e1cky velmi atraktivn\u00ed, nicm\u00e9n\u011b sj\u00edzdn\u00e1 pro v\u0161echny kategorie cyklist\u016f.<br \/> A samoz\u0159ejmost\u00ed je tak\u00e9 spolupr\u00e1ce SK Handicapovan\u00fdch cyklist\u016f s Bikros Klubem \u0158epy. Div\u00e1ci tak uvid\u00ed v nabit\u00e9m programu graduj\u00edc\u00ed z\u00e1vody v bikrosu v\u0161ech kategori\u00ed, v\u010detn\u011b na\u0161\u00ed kompletn\u00ed bikrosov\u00e9 \u0161pi\u010dky.<\/p>\n<p> Rezervujte si tedy ve sv\u00e9m kalend\u00e1\u0159i, u\u017e nyn\u00ed, datum \u2013 ned\u011ble 15.5.2011. Praha 17 \u2013 \u0158epy. <\/p>\n","protected":false},"excerpt":{"rendered":"<a href=\"https:\/\/www.caths.cz\/wordpress\/king-of-prague-mtb-v-praze-aneb-cesky-pohar-mtb-handicapovanych-cyklistu\/\"><img loading=\"lazy\" decoding=\"async\" width=\"100\" height=\"100\" src=\"https:\/\/www.caths.cz\/wordpress\/wp-content\/plugins\/thumbnail-for-excerpts\/tfe_no_thumb.png\" class=\"alignleft wp-post-image tfe\" alt=\"\" title=\"\" \/><\/a><p>A nebude to z\u00e1vod ledajak\u00fd, v ned\u011bli 15. kv\u011btna 2011 se v Praze \u0158ep\u00edch v are\u00e1lu Bikros klubu \u0158epy uskute\u010dn\u00ed akce, kter\u00e1 sv\u00fdm rozsahem m\u016f\u017ee p\u0159ipom\u00ednat kdysi slavnou Pra\u017eskou ligu [&hellip;]<\/p>\n","protected":false},"author":1,"featured_media":0,"comment_status":"closed","ping_status":"closed","sticky":false,"template":"","format":"standard","meta":{"ngg_post_thumbnail":0,"footnotes":""},"categories":[40],"tags":[],"class_list":["post-1719","post","type-post","status-publish","format-standard","hentry","category-pojed-s-nami"],"_links":{"self":[{"href":"https:\/\/www.caths.cz\/wordpress\/wp-json\/wp\/v2\/posts\/1719","targetHints":{"allow":["GET"]}}],"collection":[{"href":"https:\/\/www.caths.cz\/wordpress\/wp-json\/wp\/v2\/posts"}],"about":[{"href":"https:\/\/www.caths.cz\/wordpress\/wp-json\/wp\/v2\/types\/post"}],"author":[{"embeddable":true,"href":"https:\/\/www.caths.cz\/wordpress\/wp-json\/wp\/v2\/users\/1"}],"replies":[{"embeddable":true,"href":"https:\/\/www.caths.cz\/wordpress\/wp-json\/wp\/v2\/comments?post=1719"}],"version-history":[{"count":0,"href":"https:\/\/www.caths.cz\/wordpress\/wp-json\/wp\/v2\/posts\/1719\/revisions"}],"wp:attachment":[{"href":"https:\/\/www.caths.cz\/wordpress\/wp-json\/wp\/v2\/media?parent=1719"}],"wp:term":[{"taxonomy":"category","embeddable":true,"href":"https:\/\/www.caths.cz\/wordpress\/wp-json\/wp\/v2\/categories?post=1719"},{"taxonomy":"post_tag","embeddable":true,"href":"https:\/\/www.caths.cz\/wordpress\/wp-json\/wp\/v2\/tags?post=1719"}],"curies":[{"name":"wp","href":"https:\/\/api.w.org\/{rel}","templated":true}]}}