{"id":1700,"date":"2010-12-24T13:09:51","date_gmt":"2010-12-24T12:09:51","guid":{"rendered":"http:\/\/www.caths.cz\/wordpress\/?p=1700"},"modified":"2010-12-24T13:09:51","modified_gmt":"2010-12-24T12:09:51","slug":"vanocni-odpovedi-bela-trebinova","status":"publish","type":"post","link":"https:\/\/www.caths.cz\/wordpress\/vanocni-odpovedi-bela-trebinova\/","title":{"rendered":"V\u00e1no\u010dn\u00ed odpov\u011bdi \u2013 B\u011bla T\u0159eb\u00ednov\u00e1"},"content":{"rendered":"<p>B\u011bla T\u0159eb\u00ednov\u00e1, plavkyn\u011b, trojn\u00e1sobn\u00e1 medailistka z leto\u0161n\u00edho MS<\/p>\n<p align=\"justify\"><strong> 1. Naplnila se v roce 2010 Va\u0161e p\u0159\u00e1n\u00ed?<\/strong> <\/p>\n<p><em> Po sportovn\u00ed str\u00e1nce ur\u010dit\u011b ano. <\/p>\n<p><\/em> <strong> 2. Jak\u00e9ho sportovn\u00edho \u00fasp\u011bchu \u010di v\u00fdkonu si cen\u00edte nejv\u00edce v t\u00e9to sez\u00f3n\u011b?<\/strong> <\/p>\n<p><em> Nejv\u00edce si cen\u00edm toho, \u017ee jsem to v\u0161e vydr\u017eela. Tr\u00e9novat a plavat z\u00e1vod se slu\u017ebu vypov\u00eddaj\u00edc\u00ed z\u00e1b\u011brovou \u010d\u00e1st\u00ed ruky nebyl \u017e\u00e1dn\u00fd med. <\/p>\n<p><\/em> <strong> 3. Jak\u00e1 jsou Va\u0161e p\u0159\u00e1n\u00ed pro p\u0159ich\u00e1zej\u00edc\u00ed rok 2011?<\/strong> <\/p>\n<p><em> Nejv\u00edce si p\u0159eji dobr\u00e9 zdrav\u00ed, d\u00e1l bych si p\u0159\u00e1la l\u00e1sku d\u00e1vat i dost\u00e1vat a kdyby bylo m\u00e9n\u011b starost\u00ed a t\u00edm v\u00edce pohody a klidu a m\u00e9n\u011b sr\u00e1\u017eek s blbci, je ze mne ten nejspokojen\u011bj\u0161\u00ed \u010dlov\u011bk na sv\u011bt\u011b. <\/p>\n<p><\/em> <\/p>\n<p> <img decoding=\"async\" src=\"\/wordpress\/image\/k_clankum\/trebinova_roz.JPG\"><br \/>Foto: Jan Pov\u00fd\u0161il<\/p>\n","protected":false},"excerpt":{"rendered":"<a href=\"https:\/\/www.caths.cz\/wordpress\/vanocni-odpovedi-bela-trebinova\/\"><img loading=\"lazy\" decoding=\"async\" width=\"100\" height=\"100\" src=\"https:\/\/www.caths.cz\/wordpress\/wp-content\/plugins\/thumbnail-for-excerpts\/tfe_no_thumb.png\" class=\"alignleft wp-post-image tfe\" alt=\"\" title=\"\" \/><\/a><p>B\u011bla T\u0159eb\u00ednov\u00e1, plavkyn\u011b, trojn\u00e1sobn\u00e1 medailistka z leto\u0161n\u00edho MS 1. Naplnila se v roce 2010 Va\u0161e p\u0159\u00e1n\u00ed? Po sportovn\u00ed str\u00e1nce ur\u010dit\u011b ano. 2. Jak\u00e9ho sportovn\u00edho \u00fasp\u011bchu \u010di v\u00fdkonu si cen\u00edte nejv\u00edce [&hellip;]<\/p>\n","protected":false},"author":1,"featured_media":0,"comment_status":"closed","ping_status":"closed","sticky":false,"template":"","format":"standard","meta":{"ngg_post_thumbnail":0,"footnotes":""},"categories":[16],"tags":[],"class_list":["post-1700","post","type-post","status-publish","format-standard","hentry","category-rozhovory"],"_links":{"self":[{"href":"https:\/\/www.caths.cz\/wordpress\/wp-json\/wp\/v2\/posts\/1700","targetHints":{"allow":["GET"]}}],"collection":[{"href":"https:\/\/www.caths.cz\/wordpress\/wp-json\/wp\/v2\/posts"}],"about":[{"href":"https:\/\/www.caths.cz\/wordpress\/wp-json\/wp\/v2\/types\/post"}],"author":[{"embeddable":true,"href":"https:\/\/www.caths.cz\/wordpress\/wp-json\/wp\/v2\/users\/1"}],"replies":[{"embeddable":true,"href":"https:\/\/www.caths.cz\/wordpress\/wp-json\/wp\/v2\/comments?post=1700"}],"version-history":[{"count":0,"href":"https:\/\/www.caths.cz\/wordpress\/wp-json\/wp\/v2\/posts\/1700\/revisions"}],"wp:attachment":[{"href":"https:\/\/www.caths.cz\/wordpress\/wp-json\/wp\/v2\/media?parent=1700"}],"wp:term":[{"taxonomy":"category","embeddable":true,"href":"https:\/\/www.caths.cz\/wordpress\/wp-json\/wp\/v2\/categories?post=1700"},{"taxonomy":"post_tag","embeddable":true,"href":"https:\/\/www.caths.cz\/wordpress\/wp-json\/wp\/v2\/tags?post=1700"}],"curies":[{"name":"wp","href":"https:\/\/api.w.org\/{rel}","templated":true}]}}