{"id":1661,"date":"2010-11-25T23:19:02","date_gmt":"2010-11-25T22:19:02","guid":{"rendered":"http:\/\/www.caths.cz\/wordpress\/?p=1661"},"modified":"2010-11-25T23:19:02","modified_gmt":"2010-11-25T22:19:02","slug":"kde-prezimuji-cykliste","status":"publish","type":"post","link":"https:\/\/www.caths.cz\/wordpress\/kde-prezimuji-cykliste\/","title":{"rendered":"Kde p\u0159ezimuj\u00ed cyklist\u00e9?"},"content":{"rendered":"<p align=\"justify\">\nS koncem cyklistick\u00e9 sez\u00f3ny se nab\u00edz\u00ed ot\u00e1zka: na jak\u00e9m m\u00edst\u011b v celosv\u011btov\u00e9m rankingu &#8222;p\u0159ezimuj\u00ed&#8220; na\u0161i nejlep\u0161\u00ed cyklist\u00e9? Celosv\u011btov\u00fd \u017eeb\u0159\u00ed\u010dek UCI se aktualizuje po ka\u017ed\u00e9m z\u00e1vod\u011b kategorie P1 a v\u00fd\u0161e. Jin\u00fdmi slovy, do rankingu se zapo\u010d\u00edt\u00e1vaj\u00ed evropsk\u00e9 a sv\u011btov\u00e9 poh\u00e1ry a z\u00e1vody mistrovstv\u00ed sv\u011bta.<\/p>\n<p align=\"justify\"> A m\u016f\u017eeme b\u00fdt v\u00edce ne\u017e hrd\u00ed \u2013 m\u00e1me n\u00e1rodn\u00ed t\u00fdm, kter\u00fd pat\u0159\u00ed k absolutn\u00ed sv\u011btov\u00e9 \u0161pi\u010dce, ostatn\u011b, posu\u010fte sami:<\/p>\n<ul style=\"line-height:140%\">\n<li>v po\u0159ad\u00ed n\u00e1rod\u016f na\u0161im cyklist\u016fm n\u00e1le\u017e\u00ed 3. m\u00edsto na silnici a 5. m\u00edsto na dr\u00e1ze<\/li>\n<li>kategorie C5 \u2013 Radim Pavl\u00edk, 10. m\u00edsto na silnici a 4. m\u00edsto na dr\u00e1ze<\/li>\n<li>kategorie C4 \u2013 Ji\u0159\u00ed Je\u017eek, 3. m\u00edsto na silnici a 1. m\u00edsto na dr\u00e1ze<\/li>\n<li>kategorie C3 \u2013 Tom\u00e1\u0161 Kvasni\u010dka, 6. m\u00edsto na silnici a 9. m\u00edsto na dr\u00e1ze a Miroslav Dongres, 7. m\u00edsto na dr\u00e1ze<\/li>\n<li>kategorie C2 \u2013 Michal Stark, 2. m\u00edsto na silnici a 1.-2. m\u00edsto na dr\u00e1ze<\/li>\n<li>Tereza Diepoldov\u00e1, 5. m\u00edsto na silnici<\/li>\n<li>kategorie Tandem &#8211; Marek Moflar a Ji\u0159\u00ed Chyba, 16. m\u00edsto na silnici a 6. m\u00edsto na dr\u00e1ze<\/li>\n<li>kategorie H1- Pavel Folt\u00fdn, 14. m\u00edsto<\/li>\n<li>kategorie H2 &#8211; Jan Tom\u00e1nek, 17. m\u00edsto a Michal \u0160i\u0161ka, 25. m\u00edsto<\/li>\n<li>kategorie H3 \u2013 Stanislav B\u00edza, 19. m\u00edsto<\/li>\n<\/ul>\n<p align=\"justify\"> \u017deb\u0159\u00ed\u010dek dokumentuje r\u016fst v\u00fdkonnosti prakticky v\u0161ech na\u0161ich reprezentant\u016f v kategori\u00edch C a tandemu. Obzvl\u00e1\u0161t\u011b je pozitivn\u00ed, \u017ee se v\u0161ichni dok\u00e1zali bez probl\u00e9m\u016f vypo\u0159\u00e1dat s p\u0159eskupen\u00edm kategori\u00ed, kter\u00e9 nastalo po zru\u0161en\u00ed kategori\u00ed spastik\u016f. <br \/> Zaj\u00edmav\u00e9 tak\u00e9 je, \u017ee Ji\u0159\u00ed Je\u017eek, a\u010dkoliv absolvoval pouze t\u0159i z\u00e1vody Evropsk\u00e9ho poh\u00e1ru z osmi mo\u017en\u00fdch, vynechal dokonce i Sv\u011btov\u00fd poh\u00e1r, p\u0159esto figuruje na t\u0159et\u00edm m\u00edst\u011b, d\u00edky v\u00edt\u011bzstv\u00ed ve v\u0161ech (!) z\u00e1vodech, kter\u00e9 absolvoval, mimo silni\u010dn\u00edho z\u00e1vodu na MS. N\u00e1\u0161 v\u016fbec nej\u00fasp\u011b\u0161n\u011bj\u0161\u00ed handicapovan\u00fd cyklista si zaslou\u017e\u00ed obrovsk\u00fd respekt. <br \/> &#8222;Probouz\u00ed&#8220; se n\u00e1m ale i jezdci kategorie handbike, kte\u0159\u00ed ustoupili do druh\u00e9 des\u00edtky, po odchodu Marcela Pipka a Radka Civi\u0161e z mezin\u00e1rodn\u00ed z\u00e1vodn\u00ed sc\u00e9ny. <br \/> Podzimn\u00ed v\u00fdkony Jana Tom\u00e1nka, tr\u00e9ninkov\u00e1 p\u00edle Stanislava B\u00edzy, potenci\u00e1l V\u00e1clava Antala, \u010di uzdraven\u00fd Michal \u0160i\u0161ka, to v\u0161e by mohlo nasv\u011bd\u010dovat tomu, \u017ee i na\u0161i nejlep\u0161\u00ed handbike\u0159i ji\u017e brzy budou atakovat prvn\u00ed sv\u011btovou des\u00edtku. <br \/> Postaven\u00ed \u010cech\u016f v dr\u00e1hov\u00e9m rankingu je pak v\u00edce ne\u017e nad\u011bjn\u00e9, p\u0159edev\u0161\u00edm s bl\u00ed\u017e\u00edc\u00edm se mistrovstv\u00ed sv\u011bta v italsk\u00e9m Montichiari. A nejedn\u00e1 se pouze o aspiranty na medailov\u00e9 pozice \u2013 Je\u017eek, Stark, Pavl\u00edk, Kvasni\u010dka. P\u0159\u00edslibem je i rostouc\u00ed forma nov\u00e1\u010dka kategorie C3 \u2013 Miroslava Dongrese (7.) \u010di pozice tandemu Moflar\/Chyba na 6. m\u00edst\u011b sv\u011btov\u00fdch tabulek. <br \/> A pokud jde o udr\u017een\u00ed paralympijsk\u00e9 kv\u00f3ty pro LPH v Lond\u00fdn\u011b, pak je pot\u0159eba konstatovat, \u017ee cyklist\u00e9 \u010cATHS udr\u017euj\u00ed vysoce postavenou la\u0165ku, kterou nastavili ji\u017e p\u0159ed paralympi\u00e1dou v Pekingu. <\/p>\n<p> Kompletn\u00ed \u017eeb\u0159\u00ed\u010dek UCI naleznete <a href=\"http:\/\/www.uci.ch\/templates\/BUILTIN-NOFRAMES\/Template3\/layout.asp?MenuId=MTU3MTU&#038;LangId=1\"><font color=\"#0066CC\"> zde<\/font><\/a> <\/p>\n<p> <img decoding=\"async\" src=\"\/wordpress\/image\/k_clankum\/EP draha 2010 Kaarst 029.jpg\"><\/p>\n","protected":false},"excerpt":{"rendered":"<a href=\"https:\/\/www.caths.cz\/wordpress\/kde-prezimuji-cykliste\/\"><img loading=\"lazy\" decoding=\"async\" width=\"100\" height=\"100\" src=\"https:\/\/www.caths.cz\/wordpress\/wp-content\/plugins\/thumbnail-for-excerpts\/tfe_no_thumb.png\" class=\"alignleft wp-post-image tfe\" alt=\"\" title=\"\" \/><\/a><p>S koncem cyklistick\u00e9 sez\u00f3ny se nab\u00edz\u00ed ot\u00e1zka: na jak\u00e9m m\u00edst\u011b v celosv\u011btov\u00e9m rankingu &#8222;p\u0159ezimuj\u00ed&#8220; na\u0161i nejlep\u0161\u00ed cyklist\u00e9? Celosv\u011btov\u00fd \u017eeb\u0159\u00ed\u010dek UCI se aktualizuje po ka\u017ed\u00e9m z\u00e1vod\u011b kategorie P1 a v\u00fd\u0161e. Jin\u00fdmi [&hellip;]<\/p>\n","protected":false},"author":1,"featured_media":0,"comment_status":"closed","ping_status":"closed","sticky":false,"template":"","format":"standard","meta":{"ngg_post_thumbnail":0,"footnotes":""},"categories":[2],"tags":[],"class_list":["post-1661","post","type-post","status-publish","format-standard","hentry","category-cyklistika"],"_links":{"self":[{"href":"https:\/\/www.caths.cz\/wordpress\/wp-json\/wp\/v2\/posts\/1661","targetHints":{"allow":["GET"]}}],"collection":[{"href":"https:\/\/www.caths.cz\/wordpress\/wp-json\/wp\/v2\/posts"}],"about":[{"href":"https:\/\/www.caths.cz\/wordpress\/wp-json\/wp\/v2\/types\/post"}],"author":[{"embeddable":true,"href":"https:\/\/www.caths.cz\/wordpress\/wp-json\/wp\/v2\/users\/1"}],"replies":[{"embeddable":true,"href":"https:\/\/www.caths.cz\/wordpress\/wp-json\/wp\/v2\/comments?post=1661"}],"version-history":[{"count":0,"href":"https:\/\/www.caths.cz\/wordpress\/wp-json\/wp\/v2\/posts\/1661\/revisions"}],"wp:attachment":[{"href":"https:\/\/www.caths.cz\/wordpress\/wp-json\/wp\/v2\/media?parent=1661"}],"wp:term":[{"taxonomy":"category","embeddable":true,"href":"https:\/\/www.caths.cz\/wordpress\/wp-json\/wp\/v2\/categories?post=1661"},{"taxonomy":"post_tag","embeddable":true,"href":"https:\/\/www.caths.cz\/wordpress\/wp-json\/wp\/v2\/tags?post=1661"}],"curies":[{"name":"wp","href":"https:\/\/api.w.org\/{rel}","templated":true}]}}