{"id":1660,"date":"2010-11-24T09:33:14","date_gmt":"2010-11-24T08:33:14","guid":{"rendered":"http:\/\/www.caths.cz\/wordpress\/?p=1660"},"modified":"2010-11-24T09:33:14","modified_gmt":"2010-11-24T08:33:14","slug":"nejlepsiho-handicapovaneho-sportovce-za-rok-2010-budeme-znat-v-roce-2011","status":"publish","type":"post","link":"https:\/\/www.caths.cz\/wordpress\/nejlepsiho-handicapovaneho-sportovce-za-rok-2010-budeme-znat-v-roce-2011\/","title":{"rendered":"Nejlep\u0161\u00edho handicapovan\u00e9ho sportovce za rok 2010 budeme zn\u00e1t v roce 2011"},"content":{"rendered":"<p align=\"justify\">\n<p>\u010cesk\u00fd paralympijsk\u00fd v\u00fdbor zve\u0159ejnil term\u00edn sv\u00e9 tradi\u010dn\u00ed spole\u010densk\u00e9 akce \u2013 Vyhl\u00e1\u0161en\u00ed nejlep\u0161\u00edho handicapovan\u00e9ho sportovce roku.<br \/>\nSlavnostn\u00ed ve\u010der se uskute\u010dn\u00ed v \u00fater\u00fd 8. 3. 2011 v tradi\u010dn\u00edm Top hotelu Praha.<\/p>\n<p align=\"justify\"> Bohu\u017eel, p\u0159es pe\u010dliv\u00fd v\u00fdb\u011br je datum po\u0159\u00e1d\u00e1n\u00ed akce, netradi\u010dn\u011b, v p\u0159\u00edm\u00e9 kolizi s dr\u00e1hov\u00fdm mistrovstv\u00edm sv\u011bta cyklist\u016f. <br \/> Bohud\u00edk to p\u0159\u00edli\u0161 nevad\u00ed, tradi\u010dn\u011b si toti\u017e budeme moci prohl\u00e9dnout man\u017eelky \u010di p\u0159\u00edtelkyn\u011b na\u0161ich cyklistick\u00fdch reprezentant\u016f, kter\u00e9 za sv\u00e9 drah\u00e9 polovi\u010dky p\u0159ijdou p\u0159evz\u00edt p\u0159\u00edpadn\u00e9 ceny \ud83d\ude42<\/p>\n<p> <img decoding=\"async\" src=\"\/wordpress\/image\/k_clankum\/paralympionik09 334.jpg\"><\/p>\n","protected":false},"excerpt":{"rendered":"<a href=\"https:\/\/www.caths.cz\/wordpress\/nejlepsiho-handicapovaneho-sportovce-za-rok-2010-budeme-znat-v-roce-2011\/\"><img loading=\"lazy\" decoding=\"async\" width=\"100\" height=\"100\" src=\"https:\/\/www.caths.cz\/wordpress\/wp-content\/plugins\/thumbnail-for-excerpts\/tfe_no_thumb.png\" class=\"alignleft wp-post-image tfe\" alt=\"\" title=\"\" \/><\/a><p>\u010cesk\u00fd paralympijsk\u00fd v\u00fdbor zve\u0159ejnil term\u00edn sv\u00e9 tradi\u010dn\u00ed spole\u010densk\u00e9 akce \u2013 Vyhl\u00e1\u0161en\u00ed nejlep\u0161\u00edho handicapovan\u00e9ho sportovce roku. Slavnostn\u00ed ve\u010der se uskute\u010dn\u00ed v \u00fater\u00fd 8. 3. 2011 v tradi\u010dn\u00edm Top hotelu Praha. Bohu\u017eel, [&hellip;]<\/p>\n","protected":false},"author":1,"featured_media":0,"comment_status":"closed","ping_status":"closed","sticky":false,"template":"","format":"standard","meta":{"ngg_post_thumbnail":0,"footnotes":""},"categories":[6],"tags":[],"class_list":["post-1660","post","type-post","status-publish","format-standard","hentry","category-caths-info"],"_links":{"self":[{"href":"https:\/\/www.caths.cz\/wordpress\/wp-json\/wp\/v2\/posts\/1660","targetHints":{"allow":["GET"]}}],"collection":[{"href":"https:\/\/www.caths.cz\/wordpress\/wp-json\/wp\/v2\/posts"}],"about":[{"href":"https:\/\/www.caths.cz\/wordpress\/wp-json\/wp\/v2\/types\/post"}],"author":[{"embeddable":true,"href":"https:\/\/www.caths.cz\/wordpress\/wp-json\/wp\/v2\/users\/1"}],"replies":[{"embeddable":true,"href":"https:\/\/www.caths.cz\/wordpress\/wp-json\/wp\/v2\/comments?post=1660"}],"version-history":[{"count":0,"href":"https:\/\/www.caths.cz\/wordpress\/wp-json\/wp\/v2\/posts\/1660\/revisions"}],"wp:attachment":[{"href":"https:\/\/www.caths.cz\/wordpress\/wp-json\/wp\/v2\/media?parent=1660"}],"wp:term":[{"taxonomy":"category","embeddable":true,"href":"https:\/\/www.caths.cz\/wordpress\/wp-json\/wp\/v2\/categories?post=1660"},{"taxonomy":"post_tag","embeddable":true,"href":"https:\/\/www.caths.cz\/wordpress\/wp-json\/wp\/v2\/tags?post=1660"}],"curies":[{"name":"wp","href":"https:\/\/api.w.org\/{rel}","templated":true}]}}