{"id":1659,"date":"2010-11-23T09:50:56","date_gmt":"2010-11-23T08:50:56","guid":{"rendered":"http:\/\/www.caths.cz\/wordpress\/?p=1659"},"modified":"2010-11-23T09:50:56","modified_gmt":"2010-11-23T08:50:56","slug":"jiri-jezek-trenuje-trenuje-trenuje-na-kanarskych-ostrovech","status":"publish","type":"post","link":"https:\/\/www.caths.cz\/wordpress\/jiri-jezek-trenuje-trenuje-trenuje-na-kanarskych-ostrovech\/","title":{"rendered":"Ji\u0159\u00ed Je\u017eek tr\u00e9nuje, tr\u00e9nuje, tr\u00e9nuje na Kan\u00e1rsk\u00fdch ostrovech"},"content":{"rendered":"<p align=\"justify\">\nNejlep\u0161\u00ed handicapovan\u00fd sportovec \u010cesk\u00e9 republiky, \u00fa\u0159aduj\u00edc\u00ed mistr sv\u011bta, sv\u011btov\u00fd rekordman a paralympijsk\u00fd v\u00edt\u011bz, se velmi tvrd\u011b p\u0159ipravuje na dal\u0161\u00ed sez\u00f3nu.  Jirka, podobn\u011b jako na\u0161i atleti,  v sobotu odcestoval na Kan\u00e1rsk\u00e9 ostrovy, kde m\u00e1 v pl\u00e1nu najet pot\u0159ebn\u00fd kilometrov\u00fd objem.<\/p>\n<p align=\"justify\"> Denn\u011b Jirka str\u00e1v\u00ed v sedle sv\u00e9ho kola p\u0159ibli\u017en\u011b p\u011bt a\u017e sedm hodin. <br \/> Po n\u00e1vratu se n\u00e1\u0161 nej\u00fasp\u011b\u0161n\u011bj\u0161\u00ed cyklista p\u0159ipoj\u00ed ke spole\u010dn\u00fdm tr\u00e9nink\u016fm reprezenta\u010dn\u00edho t\u00fdmu, ale jen na p\u00e1r dn\u00ed, 20. prosince toti\u017e odl\u00e9t\u00e1 na sv\u016fj osv\u011bd\u010den\u00fd a obl\u00edben\u00fd tr\u00e9ninkov\u00fd camp do Austr\u00e1lie.<\/p>\n<p> <img decoding=\"async\" src=\"\/wordpress\/image\/k_clankum\/jezekmcrdraha10.jpg\"><br \/> Foto: S. Je\u017ekov\u00e1<\/p>\n","protected":false},"excerpt":{"rendered":"<a href=\"https:\/\/www.caths.cz\/wordpress\/jiri-jezek-trenuje-trenuje-trenuje-na-kanarskych-ostrovech\/\"><img loading=\"lazy\" decoding=\"async\" width=\"100\" height=\"100\" src=\"https:\/\/www.caths.cz\/wordpress\/wp-content\/plugins\/thumbnail-for-excerpts\/tfe_no_thumb.png\" class=\"alignleft wp-post-image tfe\" alt=\"\" title=\"\" \/><\/a><p>Nejlep\u0161\u00ed handicapovan\u00fd sportovec \u010cesk\u00e9 republiky, \u00fa\u0159aduj\u00edc\u00ed mistr sv\u011bta, sv\u011btov\u00fd rekordman a paralympijsk\u00fd v\u00edt\u011bz, se velmi tvrd\u011b p\u0159ipravuje na dal\u0161\u00ed sez\u00f3nu. Jirka, podobn\u011b jako na\u0161i atleti, v sobotu odcestoval na Kan\u00e1rsk\u00e9 [&hellip;]<\/p>\n","protected":false},"author":1,"featured_media":0,"comment_status":"closed","ping_status":"closed","sticky":false,"template":"","format":"standard","meta":{"ngg_post_thumbnail":0,"footnotes":""},"categories":[2],"tags":[],"class_list":["post-1659","post","type-post","status-publish","format-standard","hentry","category-cyklistika"],"_links":{"self":[{"href":"https:\/\/www.caths.cz\/wordpress\/wp-json\/wp\/v2\/posts\/1659","targetHints":{"allow":["GET"]}}],"collection":[{"href":"https:\/\/www.caths.cz\/wordpress\/wp-json\/wp\/v2\/posts"}],"about":[{"href":"https:\/\/www.caths.cz\/wordpress\/wp-json\/wp\/v2\/types\/post"}],"author":[{"embeddable":true,"href":"https:\/\/www.caths.cz\/wordpress\/wp-json\/wp\/v2\/users\/1"}],"replies":[{"embeddable":true,"href":"https:\/\/www.caths.cz\/wordpress\/wp-json\/wp\/v2\/comments?post=1659"}],"version-history":[{"count":0,"href":"https:\/\/www.caths.cz\/wordpress\/wp-json\/wp\/v2\/posts\/1659\/revisions"}],"wp:attachment":[{"href":"https:\/\/www.caths.cz\/wordpress\/wp-json\/wp\/v2\/media?parent=1659"}],"wp:term":[{"taxonomy":"category","embeddable":true,"href":"https:\/\/www.caths.cz\/wordpress\/wp-json\/wp\/v2\/categories?post=1659"},{"taxonomy":"post_tag","embeddable":true,"href":"https:\/\/www.caths.cz\/wordpress\/wp-json\/wp\/v2\/tags?post=1659"}],"curies":[{"name":"wp","href":"https:\/\/api.w.org\/{rel}","templated":true}]}}