{"id":1654,"date":"2010-11-18T15:50:13","date_gmt":"2010-11-18T14:50:13","guid":{"rendered":"http:\/\/www.caths.cz\/wordpress\/?p=1654"},"modified":"2010-11-18T15:50:13","modified_gmt":"2010-11-18T14:50:13","slug":"atleticka-reprezentace-odleta-na-soustredeni","status":"publish","type":"post","link":"https:\/\/www.caths.cz\/wordpress\/atleticka-reprezentace-odleta-na-soustredeni\/","title":{"rendered":"Atletick\u00e1 reprezentace odl\u00e9t\u00e1 na soust\u0159ed\u011bn\u00ed"},"content":{"rendered":"<p align=\"justify\">\nSm\u011br Kan\u00e1rsk\u00e9 ostrovy nab\u00edr\u00e1 letoun s na\u0161imi atletick\u00fdmi reprezentanty, kte\u0159\u00ed odl\u00e9taj\u00ed dnes na soust\u0159ed\u011bn\u00ed koncipovan\u00e9 jako p\u0159\u00edpravu k bl\u00ed\u017e\u00edc\u00edmu se sportovn\u00edmu sv\u00e1tku \u2013 MS na Nov\u00e9m Z\u00e9landu.<\/p>\n<p align=\"justify\"> V\u00fdpravu tvo\u0159\u00ed: Eva Kacanu, Radim B\u011ble\u0161, Jan Van\u011bk, Ale\u0161 Kis\u00fd a Jaroslav Petrou\u0161 a spolu s nimi doprovody Marcela B\u011ble\u0161ov\u00e1, B\u00e1ra Chmel\u00edkov\u00e1, Milada Truksov\u00e1, a Michal Maier.<br \/> \u201eSoust\u0159edit\u201c se atleti budou ve zn\u00e1m\u00e9m sportovn\u00edm are\u00e1lu La Santa, kter\u00fd je zn\u00e1m jako zimn\u00ed p\u016fsobi\u0161t\u011b mnoha vrcholov\u00fdch sportovc\u016f nehandicapovan\u00fdch.<br \/>\u010ctrn\u00e1ctidenn\u00edho soust\u0159ed\u011bn\u00ed se bohu\u017eel nemohli \u00fa\u010dastnit ze zdravotn\u00edch d\u016fvod\u016f Martina Kniezkov\u00e1, kter\u00e1 je se z\u00e1n\u011btem v nemocnici, Martin N\u011bmec z pracovn\u00edch a rodinn\u00fdch d\u016fvod\u016f a Pepa \u0160tiak a Ros\u0165a Pohlmann z pracovn\u00edch d\u016fvod\u016f. <\/p>\n<p> <img decoding=\"async\" src=\"\/wordpress\/image\/k_clankum\/atl102.jpg\"> <\/p>\n<p> <img decoding=\"async\" src=\"\/wordpress\/image\/k_clankum\/atl101.jpg\"> <\/p>\n<p> <img decoding=\"async\" src=\"\/wordpress\/image\/k_clankum\/atl103.jpg\"> <\/p>\n<p> <img decoding=\"async\" src=\"\/wordpress\/image\/k_clankum\/atl104.jpg\"><\/p>\n","protected":false},"excerpt":{"rendered":"<a href=\"https:\/\/www.caths.cz\/wordpress\/atleticka-reprezentace-odleta-na-soustredeni\/\"><img loading=\"lazy\" decoding=\"async\" width=\"100\" height=\"100\" src=\"https:\/\/www.caths.cz\/wordpress\/wp-content\/plugins\/thumbnail-for-excerpts\/tfe_no_thumb.png\" class=\"alignleft wp-post-image tfe\" alt=\"\" title=\"\" \/><\/a><p>Sm\u011br Kan\u00e1rsk\u00e9 ostrovy nab\u00edr\u00e1 letoun s na\u0161imi atletick\u00fdmi reprezentanty, kte\u0159\u00ed odl\u00e9taj\u00ed dnes na soust\u0159ed\u011bn\u00ed koncipovan\u00e9 jako p\u0159\u00edpravu k bl\u00ed\u017e\u00edc\u00edmu se sportovn\u00edmu sv\u00e1tku \u2013 MS na Nov\u00e9m Z\u00e9landu. V\u00fdpravu tvo\u0159\u00ed: Eva [&hellip;]<\/p>\n","protected":false},"author":1,"featured_media":0,"comment_status":"closed","ping_status":"closed","sticky":false,"template":"","format":"standard","meta":{"ngg_post_thumbnail":0,"footnotes":""},"categories":[5],"tags":[],"class_list":["post-1654","post","type-post","status-publish","format-standard","hentry","category-atletika"],"_links":{"self":[{"href":"https:\/\/www.caths.cz\/wordpress\/wp-json\/wp\/v2\/posts\/1654","targetHints":{"allow":["GET"]}}],"collection":[{"href":"https:\/\/www.caths.cz\/wordpress\/wp-json\/wp\/v2\/posts"}],"about":[{"href":"https:\/\/www.caths.cz\/wordpress\/wp-json\/wp\/v2\/types\/post"}],"author":[{"embeddable":true,"href":"https:\/\/www.caths.cz\/wordpress\/wp-json\/wp\/v2\/users\/1"}],"replies":[{"embeddable":true,"href":"https:\/\/www.caths.cz\/wordpress\/wp-json\/wp\/v2\/comments?post=1654"}],"version-history":[{"count":0,"href":"https:\/\/www.caths.cz\/wordpress\/wp-json\/wp\/v2\/posts\/1654\/revisions"}],"wp:attachment":[{"href":"https:\/\/www.caths.cz\/wordpress\/wp-json\/wp\/v2\/media?parent=1654"}],"wp:term":[{"taxonomy":"category","embeddable":true,"href":"https:\/\/www.caths.cz\/wordpress\/wp-json\/wp\/v2\/categories?post=1654"},{"taxonomy":"post_tag","embeddable":true,"href":"https:\/\/www.caths.cz\/wordpress\/wp-json\/wp\/v2\/tags?post=1654"}],"curies":[{"name":"wp","href":"https:\/\/api.w.org\/{rel}","templated":true}]}}