{"id":1652,"date":"2010-11-16T00:34:58","date_gmt":"2010-11-15T23:34:58","guid":{"rendered":"http:\/\/www.caths.cz\/wordpress\/?p=1652"},"modified":"2010-11-16T00:34:58","modified_gmt":"2010-11-15T23:34:58","slug":"prazsky-cyklokros","status":"publish","type":"post","link":"https:\/\/www.caths.cz\/wordpress\/prazsky-cyklokros\/","title":{"rendered":"Pra\u017esk\u00fd cyklokros!!!"},"content":{"rendered":"<p align=\"justify\">\nN\u00e1dhern\u00e9 podzimn\u00ed po\u010das\u00ed pomohlo organiz\u00e1tor\u016fm Pra\u017ek\u00e9ho cyklokrosu vytvo\u0159it atraktivn\u00ed z\u00e1vody. V nabit\u00e9m programu, kdy jedna kategorie startuj\u00edc\u00edch doslova navazovala na druhou, mohli div\u00e1ci vid\u011bt cyklokrosa\u0159e v\u0161ech v\u011bkov\u00fdch a v\u00fdkonnostn\u00edch kategori\u00ed, po\u010detn\u00e9 pole hobby z\u00e1vodu horsk\u00fdch kol i exhibi\u010dn\u00ed z\u00e1vody mal\u00fdch bikrosa\u0159\u016f.<\/p>\n<p align=\"justify\"> \u00da\u017easnou atmosf\u00e9ru z\u00e1vodu nejl\u00e9pe p\u0159ibl\u00ed\u017e\u00ed fotografie (1. \u010d\u00e1st <a href=\"http:\/\/www.caths.cz\/index.php?page=galerie&#038;level=album&#038;id=109\"><font color=\"#0066CC\"> zde<\/font><\/a><\/strong> a 2. \u010d\u00e1st <a href=\"http:\/\/www.caths.cz\/index.php?page=galerie&#038;level=album&#038;id=110\"><font color=\"#0066CC\"> zde<\/font><\/a><\/strong>) a my jen dod\u00e1v\u00e1me, \u017ee z\u00e1vod handicapovan\u00fdch cyklist\u016f pro kategorie C3,4,5 vyhr\u00e1l biker Petr kocman, p\u0159ed Tom\u00e1\u0161em Kvasni\u010dkou a Miroslavem Dongresem. <\/p>\n<p> Kompletn\u00ed v\u00fdsledky<a href=\"http:\/\/www.caths.cz\/storage\/cyklistika\/prazsky_cyklokros_fin.pdf\"><font color=\"#0066CC\"> zde<\/font><\/a><\/strong> <\/p>\n<p> <img decoding=\"async\" src=\"\/wordpress\/image\/k_clankum\/kocman_prazsky_cyklokros.jpg\"><\/p>\n","protected":false},"excerpt":{"rendered":"<a href=\"https:\/\/www.caths.cz\/wordpress\/prazsky-cyklokros\/\"><img loading=\"lazy\" decoding=\"async\" width=\"100\" height=\"100\" src=\"https:\/\/www.caths.cz\/wordpress\/wp-content\/plugins\/thumbnail-for-excerpts\/tfe_no_thumb.png\" class=\"alignleft wp-post-image tfe\" alt=\"\" title=\"\" \/><\/a><p>N\u00e1dhern\u00e9 podzimn\u00ed po\u010das\u00ed pomohlo organiz\u00e1tor\u016fm Pra\u017ek\u00e9ho cyklokrosu vytvo\u0159it atraktivn\u00ed z\u00e1vody. V nabit\u00e9m programu, kdy jedna kategorie startuj\u00edc\u00edch doslova navazovala na druhou, mohli div\u00e1ci vid\u011bt cyklokrosa\u0159e v\u0161ech v\u011bkov\u00fdch a v\u00fdkonnostn\u00edch kategori\u00ed, [&hellip;]<\/p>\n","protected":false},"author":1,"featured_media":0,"comment_status":"closed","ping_status":"closed","sticky":false,"template":"","format":"standard","meta":{"ngg_post_thumbnail":0,"footnotes":""},"categories":[2],"tags":[],"class_list":["post-1652","post","type-post","status-publish","format-standard","hentry","category-cyklistika"],"_links":{"self":[{"href":"https:\/\/www.caths.cz\/wordpress\/wp-json\/wp\/v2\/posts\/1652","targetHints":{"allow":["GET"]}}],"collection":[{"href":"https:\/\/www.caths.cz\/wordpress\/wp-json\/wp\/v2\/posts"}],"about":[{"href":"https:\/\/www.caths.cz\/wordpress\/wp-json\/wp\/v2\/types\/post"}],"author":[{"embeddable":true,"href":"https:\/\/www.caths.cz\/wordpress\/wp-json\/wp\/v2\/users\/1"}],"replies":[{"embeddable":true,"href":"https:\/\/www.caths.cz\/wordpress\/wp-json\/wp\/v2\/comments?post=1652"}],"version-history":[{"count":0,"href":"https:\/\/www.caths.cz\/wordpress\/wp-json\/wp\/v2\/posts\/1652\/revisions"}],"wp:attachment":[{"href":"https:\/\/www.caths.cz\/wordpress\/wp-json\/wp\/v2\/media?parent=1652"}],"wp:term":[{"taxonomy":"category","embeddable":true,"href":"https:\/\/www.caths.cz\/wordpress\/wp-json\/wp\/v2\/categories?post=1652"},{"taxonomy":"post_tag","embeddable":true,"href":"https:\/\/www.caths.cz\/wordpress\/wp-json\/wp\/v2\/tags?post=1652"}],"curies":[{"name":"wp","href":"https:\/\/api.w.org\/{rel}","templated":true}]}}