{"id":1648,"date":"2010-11-10T21:33:59","date_gmt":"2010-11-10T20:33:59","guid":{"rendered":"http:\/\/www.caths.cz\/wordpress\/?p=1648"},"modified":"2010-11-10T21:33:59","modified_gmt":"2010-11-10T20:33:59","slug":"cesky-svaz-cyklistiky-hleda-krale","status":"publish","type":"post","link":"https:\/\/www.caths.cz\/wordpress\/cesky-svaz-cyklistiky-hleda-krale\/","title":{"rendered":"\u010cesk\u00fd svaz cyklistiky hled\u00e1 Kr\u00e1le"},"content":{"rendered":"<p align=\"justify\">\nKdo se stane Kr\u00e1lem cyklistiky pro rok 2010? Dozv\u00edme se to ji\u017e tento \u010dtvrtek a n\u00e1s t\u011b\u0161\u00ed, \u017ee m\u00e1me ve h\u0159e tak\u00e9 sv\u00e9 \u017eel\u00edzko v ohni \u2013 mistra sv\u011bta, Ji\u0159\u00edho Je\u017eka.\n<\/p>\n<p align=\"justify\"> \u010cesk\u00e1 cyklistika za\u017eila patrn\u011b nej\u00fasp\u011b\u0161n\u011bj\u0161\u00ed sez\u00f3nu ve sv\u00e9 historii, celkem na\u0161i cyklist\u00e9 posb\u00edrali na sv\u011btov\u00fdch sout\u011b\u017e\u00edch neuv\u011b\u0159iteln\u00fdch 25 medail\u00ed a handicapovan\u00ed cyklist\u00e9 p\u0159isp\u011bli do t\u00e9to sb\u00edrky hned t\u0159emi cenn\u00fdmi kovy, kdy\u017e Jirk\u016fv titul doplnili bronzov\u00fdmi medailemi z MS v Baie Comeau, Michal Stark a tricyklista David Vondr\u00e1\u010dek.<\/p>\n","protected":false},"excerpt":{"rendered":"<a href=\"https:\/\/www.caths.cz\/wordpress\/cesky-svaz-cyklistiky-hleda-krale\/\"><img loading=\"lazy\" decoding=\"async\" width=\"100\" height=\"100\" src=\"https:\/\/www.caths.cz\/wordpress\/wp-content\/plugins\/thumbnail-for-excerpts\/tfe_no_thumb.png\" class=\"alignleft wp-post-image tfe\" alt=\"\" title=\"\" \/><\/a><p>Kdo se stane Kr\u00e1lem cyklistiky pro rok 2010? Dozv\u00edme se to ji\u017e tento \u010dtvrtek a n\u00e1s t\u011b\u0161\u00ed, \u017ee m\u00e1me ve h\u0159e tak\u00e9 sv\u00e9 \u017eel\u00edzko v ohni \u2013 mistra sv\u011bta, Ji\u0159\u00edho [&hellip;]<\/p>\n","protected":false},"author":1,"featured_media":0,"comment_status":"closed","ping_status":"closed","sticky":false,"template":"","format":"standard","meta":{"ngg_post_thumbnail":0,"footnotes":""},"categories":[2],"tags":[],"class_list":["post-1648","post","type-post","status-publish","format-standard","hentry","category-cyklistika"],"_links":{"self":[{"href":"https:\/\/www.caths.cz\/wordpress\/wp-json\/wp\/v2\/posts\/1648","targetHints":{"allow":["GET"]}}],"collection":[{"href":"https:\/\/www.caths.cz\/wordpress\/wp-json\/wp\/v2\/posts"}],"about":[{"href":"https:\/\/www.caths.cz\/wordpress\/wp-json\/wp\/v2\/types\/post"}],"author":[{"embeddable":true,"href":"https:\/\/www.caths.cz\/wordpress\/wp-json\/wp\/v2\/users\/1"}],"replies":[{"embeddable":true,"href":"https:\/\/www.caths.cz\/wordpress\/wp-json\/wp\/v2\/comments?post=1648"}],"version-history":[{"count":0,"href":"https:\/\/www.caths.cz\/wordpress\/wp-json\/wp\/v2\/posts\/1648\/revisions"}],"wp:attachment":[{"href":"https:\/\/www.caths.cz\/wordpress\/wp-json\/wp\/v2\/media?parent=1648"}],"wp:term":[{"taxonomy":"category","embeddable":true,"href":"https:\/\/www.caths.cz\/wordpress\/wp-json\/wp\/v2\/categories?post=1648"},{"taxonomy":"post_tag","embeddable":true,"href":"https:\/\/www.caths.cz\/wordpress\/wp-json\/wp\/v2\/tags?post=1648"}],"curies":[{"name":"wp","href":"https:\/\/api.w.org\/{rel}","templated":true}]}}