{"id":1645,"date":"2010-11-08T11:07:44","date_gmt":"2010-11-08T10:07:44","guid":{"rendered":"http:\/\/www.caths.cz\/wordpress\/?p=1645"},"modified":"2010-11-08T11:07:44","modified_gmt":"2010-11-08T10:07:44","slug":"prazsky-cyklokros-zahrnuje-zavod-mtb-pro-handicapovane-cyklisty","status":"publish","type":"post","link":"https:\/\/www.caths.cz\/wordpress\/prazsky-cyklokros-zahrnuje-zavod-mtb-pro-handicapovane-cyklisty\/","title":{"rendered":"Pra\u017esk\u00fd cyklokros zahrnuje z\u00e1vod MTB pro handicapovan\u00e9 cyklisty"},"content":{"rendered":"<p align=\"justify\">\nZ\u00e1vod Pra\u017esk\u00e9ho cyklokrosu O poh\u00e1r m\u011bstsk\u00e9 \u010d\u00e1sti Praha 17 \u2013 \u010cesk\u00fd poh\u00e1r Masters v cyklokrosu, umo\u017e\u0148uje div\u00e1k\u016fm vid\u011bt v\u0161e, co dne\u0161n\u00ed cyklokros obsahuje \u2013 z\u00e1vody d\u011bt\u00ed p\u0159ed\u0161koln\u00edho v\u011bku, p\u0159es kategorie kadet\u016f, junior\u016f, Elite a\u017e po cyklokrosa\u0159e d\u0159\u00edve narozen\u00fdch ro\u010dn\u00edk\u016f, kte\u0159\u00ed z\u00e1vod\u00ed v kategorii Masters.<\/p>\n<p align=\"justify\"> Po\u0159adatelem akce, na kterou se chyst\u00e1 cel\u00e1 \u010desk\u00e1 cyklokrosov\u00e1 \u0161pi\u010dka, je SK Handicapovan\u00fdch cyklist\u016f Praha a samoz\u0159ejmost\u00ed tedy je i vypsan\u00fd z\u00e1vod horsk\u00fdch kol pro \u0161irokou ve\u0159ejnost, kter\u00fd umo\u017e\u0148uje start handicapovan\u00fdm cyklist\u016fm, z\u00e1vod\u00edc\u00edm v kategori\u00edch C3,C4,C5.<\/p>\n<p> <img decoding=\"async\" src=\"\/wordpress\/image\/k_clankum\/prazsky_cyklokros_web.jpg\" ALIGN=\"right\" HSPACE=5 VSPACE=5> Na p\u0159ilehl\u00e9 bikrosov\u00e9 trati div\u00e1ci uvid\u00ed exhibi\u010dn\u00ed z\u00e1vody mali\u010dk\u00fdch bikrosa\u0159\u016f (4 \u2013 7 let), tedy discipl\u00edny, kter\u00e1 p\u0159ivedla k cyklistice celou \u0159adu sou\u010dasn\u00fdch \u0161pi\u010dkov\u00fdch cyklist\u016f, nap\u0159. mistra sv\u011bta v cyklokrosu Zde\u0148ka \u0160tybara, Michala Prokopa, Luk\u00e1\u0161e Tammeho, ale i pilota reprezenta\u010dn\u00edho tandemu Jirku Chybu, kter\u00fd byl mistrem republiky v t\u00e9to atraktivn\u00ed discipl\u00edn\u011b.<\/p>\n<p> V kategori\u00edch Masters se p\u0159edstav\u00ed cel\u00e1 \u0159ada b\u00fdval\u00fdch vynikaj\u00edc\u00edch cyklist\u016f v \u010dele s p\u011btin\u00e1sobn\u00fdm vicemistrem sv\u011bta a legendou \u010desk\u00e9ho cyklokrosu Miloslavem Kvasni\u010dkou, nyn\u00ed mechanikem reprezenta\u010dn\u00edho t\u00fdmu t\u011blesn\u011b a zrakov\u011b handicapovan\u00fdch cyklist\u016f.<\/p>\n<p> V kategorii Elite se m\u016f\u017eeme t\u011b\u0161it na start Jaroslava Kulhav\u00e9ho. Sv\u011b\u0159enec tren\u00e9ra Viktora Zapletala se letos stal Mistrem Evropy, vyhr\u00e1l fin\u00e1lov\u00fd z\u00e1vod sv\u011btov\u00e9ho poh\u00e1ru, na MS horsk\u00fdch kol v kanadsk\u00e9m St. Anne z\u00edskal st\u0159\u00edbrnou medaili a je vedouc\u00edm mu\u017eem sv\u011btov\u00e9ho rankingu UCI. J\u00e1ra bude v\u016fbec poprv\u00e9 startovat v dresu sv\u00e9ho nov\u00e9ho t\u00fdmu, se kter\u00fdm podepsal kontrakt na dal\u0161\u00ed dva roky \u2013 SPECIALIZED Factory Teamu.<\/p>\n<p> A my jen p\u0159ipom\u00edn\u00e1me, \u017ee Jaroslav Kulhav\u00fd je patronem seri\u00e1lu \u010cesk\u00e9ho poh\u00e1ru horsk\u00fdch kol handicapovan\u00fdch cyklist\u016f a nejinak tomu bude i v roce 2011. <\/p>\n<p> Tak\u017ee, pokud budete m\u00edt v ned\u011bli 14.11. n\u00e1ladu p\u0159ij\u010fte se pod\u00edvat do pra\u017esk\u00fdch \u0158ep, nebo je\u0161t\u011b l\u00e9pe \u2013 vyndejte kolo a p\u0159ij\u010fte z\u00e1vodit! <\/p>\n<p> <strong>Propozice ke sta\u017een\u00ed <a href=\"http:\/\/www.caths.cz\/storage\/cyklistika\/propozice cyklokros2010.pdf\"><font color=\"#0066CC\"> zde<\/font><\/a><\/strong><\/p>\n","protected":false},"excerpt":{"rendered":"<a href=\"https:\/\/www.caths.cz\/wordpress\/prazsky-cyklokros-zahrnuje-zavod-mtb-pro-handicapovane-cyklisty\/\"><img loading=\"lazy\" decoding=\"async\" width=\"100\" height=\"100\" src=\"https:\/\/www.caths.cz\/wordpress\/wp-content\/plugins\/thumbnail-for-excerpts\/tfe_no_thumb.png\" class=\"alignleft wp-post-image tfe\" alt=\"\" title=\"\" \/><\/a><p>Z\u00e1vod Pra\u017esk\u00e9ho cyklokrosu O poh\u00e1r m\u011bstsk\u00e9 \u010d\u00e1sti Praha 17 \u2013 \u010cesk\u00fd poh\u00e1r Masters v cyklokrosu, umo\u017e\u0148uje div\u00e1k\u016fm vid\u011bt v\u0161e, co dne\u0161n\u00ed cyklokros obsahuje \u2013 z\u00e1vody d\u011bt\u00ed p\u0159ed\u0161koln\u00edho v\u011bku, p\u0159es kategorie [&hellip;]<\/p>\n","protected":false},"author":1,"featured_media":0,"comment_status":"closed","ping_status":"closed","sticky":false,"template":"","format":"standard","meta":{"ngg_post_thumbnail":0,"footnotes":""},"categories":[40],"tags":[],"class_list":["post-1645","post","type-post","status-publish","format-standard","hentry","category-pojed-s-nami"],"_links":{"self":[{"href":"https:\/\/www.caths.cz\/wordpress\/wp-json\/wp\/v2\/posts\/1645","targetHints":{"allow":["GET"]}}],"collection":[{"href":"https:\/\/www.caths.cz\/wordpress\/wp-json\/wp\/v2\/posts"}],"about":[{"href":"https:\/\/www.caths.cz\/wordpress\/wp-json\/wp\/v2\/types\/post"}],"author":[{"embeddable":true,"href":"https:\/\/www.caths.cz\/wordpress\/wp-json\/wp\/v2\/users\/1"}],"replies":[{"embeddable":true,"href":"https:\/\/www.caths.cz\/wordpress\/wp-json\/wp\/v2\/comments?post=1645"}],"version-history":[{"count":0,"href":"https:\/\/www.caths.cz\/wordpress\/wp-json\/wp\/v2\/posts\/1645\/revisions"}],"wp:attachment":[{"href":"https:\/\/www.caths.cz\/wordpress\/wp-json\/wp\/v2\/media?parent=1645"}],"wp:term":[{"taxonomy":"category","embeddable":true,"href":"https:\/\/www.caths.cz\/wordpress\/wp-json\/wp\/v2\/categories?post=1645"},{"taxonomy":"post_tag","embeddable":true,"href":"https:\/\/www.caths.cz\/wordpress\/wp-json\/wp\/v2\/tags?post=1645"}],"curies":[{"name":"wp","href":"https:\/\/api.w.org\/{rel}","templated":true}]}}