{"id":1643,"date":"2010-11-06T21:55:49","date_gmt":"2010-11-06T20:55:49","guid":{"rendered":"http:\/\/www.caths.cz\/wordpress\/?p=1643"},"modified":"2010-11-06T21:55:49","modified_gmt":"2010-11-06T20:55:49","slug":"popularni-cyklisticky-tym-cerni-kone-se-sesel-na-valne-hromade","status":"publish","type":"post","link":"https:\/\/www.caths.cz\/wordpress\/popularni-cyklisticky-tym-cerni-kone-se-sesel-na-valne-hromade\/","title":{"rendered":"Popul\u00e1rn\u00ed cyklistick\u00fd t\u00fdm \u010cern\u00ed kon\u011b se se\u0161el na Valn\u00e9 hromad\u011b"},"content":{"rendered":"<p align=\"justify\">\nP\u0159e\u010dt\u011bte si V\u00fdro\u010dn\u00ed zpr\u00e1vu \u010cern\u00fdch kon\u00ed, je inspiruj\u00edc\u00ed a \u0159\u00edk\u00e1me si, k\u00e9\u017e by bylo v\u00edce podobn\u00fdch t\u00fdm\u016f&#8230; Ke sta\u017een\u00ed<\/p>\n<p>  <strong><a href=\"http:\/\/www.caths.cz\/storage\/cernikone_vyrzp2010.pdf\"><font color=\"#0066CC\"><br \/>\nzde<\/font><\/a><\/strong><\/p>\n","protected":false},"excerpt":{"rendered":"<a href=\"https:\/\/www.caths.cz\/wordpress\/popularni-cyklisticky-tym-cerni-kone-se-sesel-na-valne-hromade\/\"><img loading=\"lazy\" decoding=\"async\" width=\"100\" height=\"100\" src=\"https:\/\/www.caths.cz\/wordpress\/wp-content\/plugins\/thumbnail-for-excerpts\/tfe_no_thumb.png\" class=\"alignleft wp-post-image tfe\" alt=\"\" title=\"\" \/><\/a><p>P\u0159e\u010dt\u011bte si V\u00fdro\u010dn\u00ed zpr\u00e1vu \u010cern\u00fdch kon\u00ed, je inspiruj\u00edc\u00ed a \u0159\u00edk\u00e1me si, k\u00e9\u017e by bylo v\u00edce podobn\u00fdch t\u00fdm\u016f&#8230; Ke sta\u017een\u00ed zde<\/p>\n","protected":false},"author":1,"featured_media":0,"comment_status":"closed","ping_status":"closed","sticky":false,"template":"","format":"standard","meta":{"ngg_post_thumbnail":0,"footnotes":""},"categories":[40],"tags":[],"class_list":["post-1643","post","type-post","status-publish","format-standard","hentry","category-pojed-s-nami"],"_links":{"self":[{"href":"https:\/\/www.caths.cz\/wordpress\/wp-json\/wp\/v2\/posts\/1643","targetHints":{"allow":["GET"]}}],"collection":[{"href":"https:\/\/www.caths.cz\/wordpress\/wp-json\/wp\/v2\/posts"}],"about":[{"href":"https:\/\/www.caths.cz\/wordpress\/wp-json\/wp\/v2\/types\/post"}],"author":[{"embeddable":true,"href":"https:\/\/www.caths.cz\/wordpress\/wp-json\/wp\/v2\/users\/1"}],"replies":[{"embeddable":true,"href":"https:\/\/www.caths.cz\/wordpress\/wp-json\/wp\/v2\/comments?post=1643"}],"version-history":[{"count":0,"href":"https:\/\/www.caths.cz\/wordpress\/wp-json\/wp\/v2\/posts\/1643\/revisions"}],"wp:attachment":[{"href":"https:\/\/www.caths.cz\/wordpress\/wp-json\/wp\/v2\/media?parent=1643"}],"wp:term":[{"taxonomy":"category","embeddable":true,"href":"https:\/\/www.caths.cz\/wordpress\/wp-json\/wp\/v2\/categories?post=1643"},{"taxonomy":"post_tag","embeddable":true,"href":"https:\/\/www.caths.cz\/wordpress\/wp-json\/wp\/v2\/tags?post=1643"}],"curies":[{"name":"wp","href":"https:\/\/api.w.org\/{rel}","templated":true}]}}