{"id":1642,"date":"2010-11-05T06:22:29","date_gmt":"2010-11-05T05:22:29","guid":{"rendered":"http:\/\/www.caths.cz\/wordpress\/?p=1642"},"modified":"2010-11-05T06:22:29","modified_gmt":"2010-11-05T05:22:29","slug":"kdo-nas-bude-reprezentovat-na-ms-v-atletice","status":"publish","type":"post","link":"https:\/\/www.caths.cz\/wordpress\/kdo-nas-bude-reprezentovat-na-ms-v-atletice\/","title":{"rendered":"Kdo n\u00e1s bude reprezentovat na MS v atletice?"},"content":{"rendered":"<p align=\"justify\">\nCelkem 9 atlet\u016f se p\u0159ipravuje na mistrovstv\u00ed sv\u011bta , jeho\u017e hostitelem bude v lednu p\u0159\u00ed\u0161t\u00edho roku m\u011bsto Christchurch na Nov\u00e9m Z\u00e9landu. Uplynul\u00fd v\u00edkend str\u00e1vili atleti ve sportovn\u00edm centru v Nymburce. Na programu byla nejen sportovn\u00ed p\u0159\u00edprava p\u0159ed mistrovstv\u00edm sv\u011bta, ale tak\u00e9 hodnocen\u00ed roku 2010. <\/p>\n<p align=\"justify\">V Nymburce se se\u0161li t\u00e9m\u011b\u0159 v\u0161ichni atleti, kte\u0159\u00ed budou \u010cR v lednu reprezentovat. Chyb\u011bla jen Martina Kniezkov\u00e1, kter\u00e1 se zotavuje ze zran\u011bn\u00ed. Dokud bude po\u010das\u00ed p\u0159\u00e1t, budou se atleti p\u0159ipravovat pod \u0161ir\u00fdm nebem. V polovin\u011b listopadu by pak m\u011bla \u010d\u00e1st v\u00fdpravy odcestovat na Kan\u00e1rsk\u00e9 ostrovy, kde bude v p\u0159\u00edprav\u011b pokra\u010dovat.<\/p>\n<p> A kdo bude reprezentovat \u010ceskou republiku?<\/p>\n<p> Radim B\u011ble\u0161 (F51) &#8211; ku\u017eelka <br \/> Jan Van\u011bk (F51)- ku\u017eelka <br \/> Eva Kacanu (F54)-koule <br \/> Ale\u0161 Kis\u00fd (F53) \u2013 koule <br \/> Jaroslav Petrou\u0161 (F58) &#8211; disk <br \/> Josef \u0160tiak (F56)- disk <br \/> Martina Kniezkov\u00e1 (F52) &#8211; disk <br \/> Rostislav Pohlmann (F57) \u2013 o\u0161t\u011bp, disk <br \/> Martin N\u011bmec (F55) \u2013 koule, disk <\/p>\n<p> V\u0161ichni jmenovan\u00ed byli nominov\u00e1ni na z\u00e1klad\u011b spln\u011bn\u00ed limitu A \u010di B na sankcionovan\u00fdch z\u00e1vodech. <\/p>\n<p> <img decoding=\"async\" src=\"\/wordpress\/image\/k_clankum\/nymburk2010\/1041.JPG\"> <\/p>\n<p> <img decoding=\"async\" src=\"\/wordpress\/image\/k_clankum\/nymburk2010\/1043.JPG\"> <\/p>\n<p> <img decoding=\"async\" src=\"\/wordpress\/image\/k_clankum\/nymburk2010\/1045.JPG\"> <\/p>\n<p> <img decoding=\"async\" src=\"\/wordpress\/image\/k_clankum\/nymburk2010\/1048.JPG\"> <\/p>\n<p> <img decoding=\"async\" src=\"\/wordpress\/image\/k_clankum\/nymburk2010\/1049.JPG\"> <\/p>\n<p> <img decoding=\"async\" src=\"\/wordpress\/image\/k_clankum\/nymburk2010\/1051.JPG\"> <\/p>\n<p> <img decoding=\"async\" src=\"\/wordpress\/image\/k_clankum\/nymburk2010\/1052.JPG\"> <\/p>\n<p> <img decoding=\"async\" src=\"\/wordpress\/image\/k_clankum\/nymburk2010\/1053.JPG\"> <\/p>\n<p> <img decoding=\"async\" src=\"\/wordpress\/image\/k_clankum\/nymburk2010\/1056.JPG\"> <\/p>\n<p> <img decoding=\"async\" src=\"\/wordpress\/image\/k_clankum\/nymburk2010\/1058.JPG\"> <\/p>\n<p> <img decoding=\"async\" src=\"\/wordpress\/image\/k_clankum\/nymburk2010\/1059.JPG\"> <\/p>\n<p> <img decoding=\"async\" src=\"\/wordpress\/image\/k_clankum\/nymburk2010\/1060.JPG\"> <\/p>\n","protected":false},"excerpt":{"rendered":"<a href=\"https:\/\/www.caths.cz\/wordpress\/kdo-nas-bude-reprezentovat-na-ms-v-atletice\/\"><img loading=\"lazy\" decoding=\"async\" width=\"100\" height=\"100\" src=\"https:\/\/www.caths.cz\/wordpress\/wp-content\/plugins\/thumbnail-for-excerpts\/tfe_no_thumb.png\" class=\"alignleft wp-post-image tfe\" alt=\"\" title=\"\" \/><\/a><p>Celkem 9 atlet\u016f se p\u0159ipravuje na mistrovstv\u00ed sv\u011bta , jeho\u017e hostitelem bude v lednu p\u0159\u00ed\u0161t\u00edho roku m\u011bsto Christchurch na Nov\u00e9m Z\u00e9landu. Uplynul\u00fd v\u00edkend str\u00e1vili atleti ve sportovn\u00edm centru v Nymburce. [&hellip;]<\/p>\n","protected":false},"author":1,"featured_media":0,"comment_status":"closed","ping_status":"closed","sticky":false,"template":"","format":"standard","meta":{"ngg_post_thumbnail":0,"footnotes":""},"categories":[5],"tags":[],"class_list":["post-1642","post","type-post","status-publish","format-standard","hentry","category-atletika"],"_links":{"self":[{"href":"https:\/\/www.caths.cz\/wordpress\/wp-json\/wp\/v2\/posts\/1642","targetHints":{"allow":["GET"]}}],"collection":[{"href":"https:\/\/www.caths.cz\/wordpress\/wp-json\/wp\/v2\/posts"}],"about":[{"href":"https:\/\/www.caths.cz\/wordpress\/wp-json\/wp\/v2\/types\/post"}],"author":[{"embeddable":true,"href":"https:\/\/www.caths.cz\/wordpress\/wp-json\/wp\/v2\/users\/1"}],"replies":[{"embeddable":true,"href":"https:\/\/www.caths.cz\/wordpress\/wp-json\/wp\/v2\/comments?post=1642"}],"version-history":[{"count":0,"href":"https:\/\/www.caths.cz\/wordpress\/wp-json\/wp\/v2\/posts\/1642\/revisions"}],"wp:attachment":[{"href":"https:\/\/www.caths.cz\/wordpress\/wp-json\/wp\/v2\/media?parent=1642"}],"wp:term":[{"taxonomy":"category","embeddable":true,"href":"https:\/\/www.caths.cz\/wordpress\/wp-json\/wp\/v2\/categories?post=1642"},{"taxonomy":"post_tag","embeddable":true,"href":"https:\/\/www.caths.cz\/wordpress\/wp-json\/wp\/v2\/tags?post=1642"}],"curies":[{"name":"wp","href":"https:\/\/api.w.org\/{rel}","templated":true}]}}