{"id":1641,"date":"2010-11-04T02:04:02","date_gmt":"2010-11-04T01:04:02","guid":{"rendered":"http:\/\/www.caths.cz\/wordpress\/?p=1641"},"modified":"2010-11-04T02:04:02","modified_gmt":"2010-11-04T01:04:02","slug":"podzimni-motolfest-prilakal-mnozstvi-navstevniku","status":"publish","type":"post","link":"https:\/\/www.caths.cz\/wordpress\/podzimni-motolfest-prilakal-mnozstvi-navstevniku\/","title":{"rendered":"Podzimn\u00ed MotoLFest p\u0159il\u00e1kal mno\u017estv\u00ed n\u00e1v\u0161t\u011bvn\u00edk\u016f"},"content":{"rendered":"<p align=\"justify\">Osobit\u00e1 Music Hall vysoko\u0161kolsk\u00e9ho klubu Dr. Voj\u00e1k doslova praskala ve \u0161vech<br \/>\np\u0159i dal\u0161\u00edm, tentokr\u00e1t &#8222;Podzimn\u00edm MotoLFestu&#8220;, po\u0159\u00e1dan\u00e9m jako ji\u017e tradi\u010dn\u00ed<br \/>\nv\u00fdraz podpory handicapovan\u00fdm sportovc\u016fm.<\/p>\n<p align=\"justify\"> Dal\u0161\u00ed slova jsou zbyte\u010dn\u00e1, prohl\u00e9dn\u011bte si fotky a my pouze dod\u00e1v\u00e1me, \u017ee Zimn\u00ed MotoLFest v Klubu 2.LF UK Dr. Voj\u00e1k se uskute\u010dn\u00ed 2.12. 2010 ve 20:02 hodin a hr\u00e1t budou B\u00edl\u00e1 Nemoc a Ale\u0161 H\u00e1ma se svou hereckou kapelou HAMLETI&#8230; \ud83d\ude42 <\/p>\n<p><img decoding=\"async\" src=\"\/wordpress\/image\/k_clankum\/zprava_12398\/2010_-_MotoLFest_019.jpg\"> <\/p>\n<p><img decoding=\"async\" src=\"\/wordpress\/image\/k_clankum\/zprava_12398\/2010_-_MotoLFest_022.jpg\"> <\/p>\n<p><img decoding=\"async\" src=\"\/wordpress\/image\/k_clankum\/zprava_12398\/2010_-_MotoLFest_026.jpg\"> <\/p>\n<p><img decoding=\"async\" src=\"\/wordpress\/image\/k_clankum\/zprava_12398\/2010_-_MotoLFest_036.jpg\"> <\/p>\n<p><img decoding=\"async\" src=\"\/wordpress\/image\/k_clankum\/zprava_12398\/2010_-_MotoLFest_051.jpg\"> <\/p>\n<p><img decoding=\"async\" src=\"\/wordpress\/image\/k_clankum\/zprava_12398\/2010_-_MotoLFest_056.jpg\"> <\/p>\n<p><img decoding=\"async\" src=\"\/wordpress\/image\/k_clankum\/zprava_12398\/2010_-_MotoLFest_059.jpg\"> <\/p>\n<p><img decoding=\"async\" src=\"\/wordpress\/image\/k_clankum\/zprava_12398\/2010_-_MotoLFest_062.jpg\"><\/p>\n","protected":false},"excerpt":{"rendered":"<a href=\"https:\/\/www.caths.cz\/wordpress\/podzimni-motolfest-prilakal-mnozstvi-navstevniku\/\"><img loading=\"lazy\" decoding=\"async\" width=\"100\" height=\"100\" src=\"https:\/\/www.caths.cz\/wordpress\/wp-content\/plugins\/thumbnail-for-excerpts\/tfe_no_thumb.png\" class=\"alignleft wp-post-image tfe\" alt=\"\" title=\"\" \/><\/a><p>Osobit\u00e1 Music Hall vysoko\u0161kolsk\u00e9ho klubu Dr. Voj\u00e1k doslova praskala ve \u0161vech p\u0159i dal\u0161\u00edm, tentokr\u00e1t &#8222;Podzimn\u00edm MotoLFestu&#8220;, po\u0159\u00e1dan\u00e9m jako ji\u017e tradi\u010dn\u00ed v\u00fdraz podpory handicapovan\u00fdm sportovc\u016fm. Dal\u0161\u00ed slova jsou zbyte\u010dn\u00e1, prohl\u00e9dn\u011bte si [&hellip;]<\/p>\n","protected":false},"author":1,"featured_media":0,"comment_status":"closed","ping_status":"closed","sticky":false,"template":"","format":"standard","meta":{"ngg_post_thumbnail":0,"footnotes":""},"categories":[6],"tags":[],"class_list":["post-1641","post","type-post","status-publish","format-standard","hentry","category-caths-info"],"_links":{"self":[{"href":"https:\/\/www.caths.cz\/wordpress\/wp-json\/wp\/v2\/posts\/1641","targetHints":{"allow":["GET"]}}],"collection":[{"href":"https:\/\/www.caths.cz\/wordpress\/wp-json\/wp\/v2\/posts"}],"about":[{"href":"https:\/\/www.caths.cz\/wordpress\/wp-json\/wp\/v2\/types\/post"}],"author":[{"embeddable":true,"href":"https:\/\/www.caths.cz\/wordpress\/wp-json\/wp\/v2\/users\/1"}],"replies":[{"embeddable":true,"href":"https:\/\/www.caths.cz\/wordpress\/wp-json\/wp\/v2\/comments?post=1641"}],"version-history":[{"count":0,"href":"https:\/\/www.caths.cz\/wordpress\/wp-json\/wp\/v2\/posts\/1641\/revisions"}],"wp:attachment":[{"href":"https:\/\/www.caths.cz\/wordpress\/wp-json\/wp\/v2\/media?parent=1641"}],"wp:term":[{"taxonomy":"category","embeddable":true,"href":"https:\/\/www.caths.cz\/wordpress\/wp-json\/wp\/v2\/categories?post=1641"},{"taxonomy":"post_tag","embeddable":true,"href":"https:\/\/www.caths.cz\/wordpress\/wp-json\/wp\/v2\/tags?post=1641"}],"curies":[{"name":"wp","href":"https:\/\/api.w.org\/{rel}","templated":true}]}}