{"id":1618,"date":"2010-10-17T22:30:05","date_gmt":"2010-10-17T21:30:05","guid":{"rendered":"http:\/\/www.caths.cz\/wordpress\/?p=1618"},"modified":"2010-10-17T22:30:05","modified_gmt":"2010-10-17T21:30:05","slug":"vyborne-vykony-cyklistu-na-drahovem-evropskem-poharu-v-nemecku","status":"publish","type":"post","link":"https:\/\/www.caths.cz\/wordpress\/vyborne-vykony-cyklistu-na-drahovem-evropskem-poharu-v-nemecku\/","title":{"rendered":"V\u00fdborn\u00e9 v\u00fdkony cyklist\u016f na dr\u00e1hov\u00e9m Evropsk\u00e9m poh\u00e1ru v N\u011bmecku"},"content":{"rendered":"<p align=\"justify\"> Z halov\u00e9ho Evropsk\u00e9ho poh\u00e1ru v Kaarstu, kter\u00e9ho se \u00fa\u010dastnila absolutn\u00ed dr\u00e1hov\u00e1 \u0161pi\u010dka, si odv\u00e1\u017eej\u00ed shodn\u011b v\u00edt\u011bzstv\u00ed ve sv\u00fdch kategori\u00edch: Ji\u0159\u00ed Je\u017eek a Michal Stark ze st\u00edhac\u00edho z\u00e1vodu, druh\u00e1 m\u00edsta: Ji\u0159\u00ed Je\u017eek a Michal Stark ze z\u00e1vodu na 1 km, Radim Pavl\u00edk ze st\u00edhac\u00edho z\u00e1vodu, kter\u00e9 je\u0161t\u011b doplnil 4. m\u00edstem ze z\u00e1vodu na 1 km.<br \/> Velmi dobr\u00fd v\u00fdkon v obou discipl\u00edn\u00e1ch podal nov\u00e1\u010dek kategorie C3 Miroslav Dongres, kter\u00fd se um\u00edstil na 4. a 5. m\u00edst\u011b, podobn\u011b jako Tom\u00e1\u0161 Kvasni\u010dka, kter\u00fd obsadil p\u00e1t\u00e9 m\u00edsto v z\u00e1vod\u011b na 1 km.<br \/> Mezi sv\u011btovou \u0161pi\u010dku se dostal tak\u00e9 tandem Ji\u0159\u00ed Chyba \u2013 Marek Moflar \u0161est\u00fdm m\u00edstem ze st\u00edhac\u00edho z\u00e1vodu a postupem do \u010dtvrtfin\u00e1le sprintu. <br \/> \u00dasp\u011bchy jsou t\u00edm cenn\u011bj\u0161\u00ed, \u017ee z\u00e1vod byl zapo\u010d\u00edt\u00e1v\u00e1n do rankingu n\u00e1rod\u016f, podle kter\u00e9ho bude stanovena v\u00fdsledn\u00e1 kv\u00f3ta na\u0161\u00ed cyklistick\u00e9 paralympijsk\u00e9 v\u00fdpravy pro Lond\u00fdn 2012. <\/p>\n<p> <img decoding=\"async\" src=\"\/wordpress\/image\/k_clankum\/kaarst10\/P1060584.JPG\"><\/p>\n<p> <img decoding=\"async\" src=\"\/wordpress\/image\/k_clankum\/kaarst10\/P1060599.JPG\"><\/p>\n<p> <img decoding=\"async\" src=\"\/wordpress\/image\/k_clankum\/kaarst10\/P1060600.JPG\"><\/p>\n<p> <img decoding=\"async\" src=\"\/wordpress\/image\/k_clankum\/kaarst10\/P1060604.JPG\"><\/p>\n<p> <img decoding=\"async\" src=\"\/wordpress\/image\/k_clankum\/kaarst10\/P1060611.JPG\"><\/p>\n<p> <img decoding=\"async\" src=\"\/wordpress\/image\/k_clankum\/kaarst10\/P1060614.JPG\"><\/p>\n<p> <img decoding=\"async\" src=\"\/wordpress\/image\/k_clankum\/kaarst10\/P1060618.JPG\"><\/p>\n<p> <img decoding=\"async\" src=\"\/wordpress\/image\/k_clankum\/kaarst10\/P1060619.JPG\"><\/p>\n<p> <img decoding=\"async\" src=\"\/wordpress\/image\/k_clankum\/kaarst10\/P1060632.JPG\"><\/p>\n<p> <img decoding=\"async\" src=\"\/wordpress\/image\/k_clankum\/kaarst10\/P1060635.JPG\"><\/p>\n<p> <img decoding=\"async\" src=\"\/wordpress\/image\/k_clankum\/kaarst10\/P1060637.JPG\"><\/p>\n<p> <img decoding=\"async\" src=\"\/wordpress\/image\/k_clankum\/kaarst10\/P1060638.JPG\"><\/p>\n<p> <img decoding=\"async\" src=\"\/wordpress\/image\/k_clankum\/kaarst10\/P1060650.JPG\"><\/p>\n<p> <img decoding=\"async\" src=\"\/wordpress\/image\/k_clankum\/kaarst10\/P1060653.JPG\"><\/p>\n<p> <img decoding=\"async\" src=\"\/wordpress\/image\/k_clankum\/kaarst10\/P1060661.JPG\"><\/p>\n<p> <img decoding=\"async\" src=\"\/wordpress\/image\/k_clankum\/kaarst10\/P1060666.JPG\"><\/p>\n<p> <img decoding=\"async\" src=\"\/wordpress\/image\/k_clankum\/kaarst10\/P1060675.JPG\"><\/p>\n<p> <img decoding=\"async\" src=\"\/wordpress\/image\/k_clankum\/kaarst10\/P1060679.JPG\"><\/p>\n<p> <img decoding=\"async\" src=\"\/wordpress\/image\/k_clankum\/kaarst10\/P1060681.JPG\"><\/p>\n<p> <img decoding=\"async\" src=\"\/wordpress\/image\/k_clankum\/kaarst10\/P1060690.JPG\"><\/p>\n<p> <img decoding=\"async\" src=\"\/wordpress\/image\/k_clankum\/kaarst10\/P1060729.JPG\"><\/p>\n<p> <img decoding=\"async\" src=\"\/wordpress\/image\/k_clankum\/kaarst10\/P1060770.JPG\"><\/p>\n<p> <img decoding=\"async\" src=\"\/wordpress\/image\/k_clankum\/kaarst10\/P1060784.JPG\"><\/p>\n<p> <img decoding=\"async\" src=\"\/wordpress\/image\/k_clankum\/kaarst10\/P1060791.JPG\"><\/p>\n<p> <img decoding=\"async\" src=\"\/wordpress\/image\/k_clankum\/kaarst10\/P1060794.JPG\"><\/p>\n","protected":false},"excerpt":{"rendered":"<a href=\"https:\/\/www.caths.cz\/wordpress\/vyborne-vykony-cyklistu-na-drahovem-evropskem-poharu-v-nemecku\/\"><img loading=\"lazy\" decoding=\"async\" width=\"100\" height=\"100\" src=\"https:\/\/www.caths.cz\/wordpress\/wp-content\/plugins\/thumbnail-for-excerpts\/tfe_no_thumb.png\" class=\"alignleft wp-post-image tfe\" alt=\"\" title=\"\" \/><\/a><p>Z halov\u00e9ho Evropsk\u00e9ho poh\u00e1ru v Kaarstu, kter\u00e9ho se \u00fa\u010dastnila absolutn\u00ed dr\u00e1hov\u00e1 \u0161pi\u010dka, si odv\u00e1\u017eej\u00ed shodn\u011b v\u00edt\u011bzstv\u00ed ve sv\u00fdch kategori\u00edch: Ji\u0159\u00ed Je\u017eek a Michal Stark ze st\u00edhac\u00edho z\u00e1vodu, druh\u00e1 m\u00edsta: Ji\u0159\u00ed [&hellip;]<\/p>\n","protected":false},"author":1,"featured_media":0,"comment_status":"closed","ping_status":"closed","sticky":false,"template":"","format":"standard","meta":{"ngg_post_thumbnail":0,"footnotes":""},"categories":[2],"tags":[],"class_list":["post-1618","post","type-post","status-publish","format-standard","hentry","category-cyklistika"],"_links":{"self":[{"href":"https:\/\/www.caths.cz\/wordpress\/wp-json\/wp\/v2\/posts\/1618","targetHints":{"allow":["GET"]}}],"collection":[{"href":"https:\/\/www.caths.cz\/wordpress\/wp-json\/wp\/v2\/posts"}],"about":[{"href":"https:\/\/www.caths.cz\/wordpress\/wp-json\/wp\/v2\/types\/post"}],"author":[{"embeddable":true,"href":"https:\/\/www.caths.cz\/wordpress\/wp-json\/wp\/v2\/users\/1"}],"replies":[{"embeddable":true,"href":"https:\/\/www.caths.cz\/wordpress\/wp-json\/wp\/v2\/comments?post=1618"}],"version-history":[{"count":0,"href":"https:\/\/www.caths.cz\/wordpress\/wp-json\/wp\/v2\/posts\/1618\/revisions"}],"wp:attachment":[{"href":"https:\/\/www.caths.cz\/wordpress\/wp-json\/wp\/v2\/media?parent=1618"}],"wp:term":[{"taxonomy":"category","embeddable":true,"href":"https:\/\/www.caths.cz\/wordpress\/wp-json\/wp\/v2\/categories?post=1618"},{"taxonomy":"post_tag","embeddable":true,"href":"https:\/\/www.caths.cz\/wordpress\/wp-json\/wp\/v2\/tags?post=1618"}],"curies":[{"name":"wp","href":"https:\/\/api.w.org\/{rel}","templated":true}]}}