{"id":1617,"date":"2010-10-16T09:27:44","date_gmt":"2010-10-16T08:27:44","guid":{"rendered":"http:\/\/www.caths.cz\/wordpress\/?p=1617"},"modified":"2010-10-16T09:27:44","modified_gmt":"2010-10-16T08:27:44","slug":"vyrocni-clenska-schuze-cernych-koni","status":"publish","type":"post","link":"https:\/\/www.caths.cz\/wordpress\/vyrocni-clenska-schuze-cernych-koni\/","title":{"rendered":"V\u00fdro\u010dn\u00ed \u010dlensk\u00e1 sch\u016fze \u010cern\u00fdch kon\u00ed"},"content":{"rendered":"<p align=\"justify\">\nP\u0159ijm\u011bte pozv\u00e1nku na v\u00fdro\u010dn\u00ed \u010dlenskou sch\u016fzi \u010cern\u00fdch kon\u00ed, kter\u00e1 je p\u0159\u00edstupn\u00e1 pro ka\u017ed\u00e9ho, koho zaj\u00edm\u00e1 d\u011bn\u00ed v cyklistice handicapovan\u00fdch pod vlajkou \u010cern\u00fdch kon\u00ed.<\/p>\n<p align=\"justify\"> Na sch\u016fzi bych cht\u011bl vz\u00edt vzorn\u00edk cyklodres\u016f, aby si ka\u017ed\u00fd mohl vyzkou\u0161et svou velikost. D\u00e1le probereme sm\u011br, kter\u00fdm se budeme ub\u00edrat v p\u0159\u00ed\u0161t\u00edm roce, rozhodneme o v\u00fd\u0161i \u010dlensk\u00fdch p\u0159\u00edsp\u011bvk\u016f a zvol\u00edme si p\u0159edstavenstvo na p\u0159\u00ed\u0161t\u00ed rok. <br \/> Sch\u016fze se odehraje v prostor\u00e1ch Centra Paraple, tak\u017ee p\u0159\u00edstup bude zcela bezbari\u00e9rov\u00fd. Pros\u00edm ka\u017ed\u00e9ho o z\u00e1vazn\u00e9 potvrzen\u00ed sv\u00e9 \u00fa\u010dasti, abychom pro V\u00e1s mohli zajistit ob\u010derstven\u00ed v dostate\u010dn\u00e9m mno\u017estv\u00ed. <br \/> Term\u00edn je stanoven na sobotu 23.\u0159\u00edjna 2010 od 13hod. Pros\u00edm ka\u017ed\u00e9ho, aby p\u0159i\u0161el alespo\u0148 s p\u016flhodinov\u00fdm p\u0159edstihem, aby sch\u016fze za\u010dala v\u010das, a abychom se zbyte\u010dn\u011b nezdr\u017eovali. <br \/> Pro p\u0159\u00edznivce Facebooku: Svou \u00fa\u010dast m\u016f\u017eete potvrdit i prost\u0159ednictv\u00edm t\u00e9to soci\u00e1ln\u00ed s\u00edt\u011b. <br \/> Budeme se na V\u00e1s v\u0161echny moc t\u011b\u0161it <\/p>\n<p> PS: pros\u00edm p\u0159edejte tuto informaci \u010cern\u00fdm kon\u00edm ve sv\u00e9m okol\u00ed, je n\u00e1s opravdu moc, tak abychom na n\u011bkoho nezapomn\u011bli \ud83d\ude42 <\/p>\n<p> S pozdravem za p\u0159edsednictvo: <br \/> Tom\u00e1\u0161 Pouch, p\u0159edseda <br \/> \u010cERN\u00cd KON\u011a o.s. <br \/> www.cernikone.cz<br \/> cernikone@email.cz<\/p>\n","protected":false},"excerpt":{"rendered":"<a href=\"https:\/\/www.caths.cz\/wordpress\/vyrocni-clenska-schuze-cernych-koni\/\"><img loading=\"lazy\" decoding=\"async\" width=\"100\" height=\"100\" src=\"https:\/\/www.caths.cz\/wordpress\/wp-content\/plugins\/thumbnail-for-excerpts\/tfe_no_thumb.png\" class=\"alignleft wp-post-image tfe\" alt=\"\" title=\"\" \/><\/a><p>P\u0159ijm\u011bte pozv\u00e1nku na v\u00fdro\u010dn\u00ed \u010dlenskou sch\u016fzi \u010cern\u00fdch kon\u00ed, kter\u00e1 je p\u0159\u00edstupn\u00e1 pro ka\u017ed\u00e9ho, koho zaj\u00edm\u00e1 d\u011bn\u00ed v cyklistice handicapovan\u00fdch pod vlajkou \u010cern\u00fdch kon\u00ed. Na sch\u016fzi bych cht\u011bl vz\u00edt vzorn\u00edk cyklodres\u016f, [&hellip;]<\/p>\n","protected":false},"author":1,"featured_media":0,"comment_status":"closed","ping_status":"closed","sticky":false,"template":"","format":"standard","meta":{"ngg_post_thumbnail":0,"footnotes":""},"categories":[40],"tags":[],"class_list":["post-1617","post","type-post","status-publish","format-standard","hentry","category-pojed-s-nami"],"_links":{"self":[{"href":"https:\/\/www.caths.cz\/wordpress\/wp-json\/wp\/v2\/posts\/1617","targetHints":{"allow":["GET"]}}],"collection":[{"href":"https:\/\/www.caths.cz\/wordpress\/wp-json\/wp\/v2\/posts"}],"about":[{"href":"https:\/\/www.caths.cz\/wordpress\/wp-json\/wp\/v2\/types\/post"}],"author":[{"embeddable":true,"href":"https:\/\/www.caths.cz\/wordpress\/wp-json\/wp\/v2\/users\/1"}],"replies":[{"embeddable":true,"href":"https:\/\/www.caths.cz\/wordpress\/wp-json\/wp\/v2\/comments?post=1617"}],"version-history":[{"count":0,"href":"https:\/\/www.caths.cz\/wordpress\/wp-json\/wp\/v2\/posts\/1617\/revisions"}],"wp:attachment":[{"href":"https:\/\/www.caths.cz\/wordpress\/wp-json\/wp\/v2\/media?parent=1617"}],"wp:term":[{"taxonomy":"category","embeddable":true,"href":"https:\/\/www.caths.cz\/wordpress\/wp-json\/wp\/v2\/categories?post=1617"},{"taxonomy":"post_tag","embeddable":true,"href":"https:\/\/www.caths.cz\/wordpress\/wp-json\/wp\/v2\/tags?post=1617"}],"curies":[{"name":"wp","href":"https:\/\/api.w.org\/{rel}","templated":true}]}}