{"id":1614,"date":"2010-10-13T21:25:42","date_gmt":"2010-10-13T20:25:42","guid":{"rendered":"http:\/\/www.caths.cz\/wordpress\/?p=1614"},"modified":"2010-10-13T21:25:42","modified_gmt":"2010-10-13T20:25:42","slug":"otevrene-drahove-mcr-telesne-a-zrakove-handicapovanych-cyklistu-s-celou-radou-slibnych-vykonu","status":"publish","type":"post","link":"https:\/\/www.caths.cz\/wordpress\/otevrene-drahove-mcr-telesne-a-zrakove-handicapovanych-cyklistu-s-celou-radou-slibnych-vykonu\/","title":{"rendered":"Otev\u0159en\u00e9 dr\u00e1hov\u00e9 M\u010cR t\u011blesn\u011b a zrakov\u011b handicapovan\u00fdch cyklist\u016f s celou \u0159adou slibn\u00fdch v\u00fdkon\u016f"},"content":{"rendered":"<p align=\"justify\">\nReprezenta\u010dn\u00ed t\u00fdm t\u011blesn\u011b a zrakov\u011b handicapovan\u00fdch cyklist\u016f absolvoval t\u011bsn\u011b p\u0159ed sv\u00fdm odjezdem na dr\u00e1hov\u00fd Evropsk\u00fd poh\u00e1r v Kaarstu velmi rychl\u00fd tr\u00e9nink na motolsk\u00e9 dr\u00e1ze \u2013 Otev\u0159en\u00e9 M\u010cR.\n<\/p>\n<p align=\"justify\"> A kr\u00e1tk\u00e1, neregul\u00e9rn\u00ed motolsk\u00e1 dr\u00e1ha se do\u010dkala a\u017e neuv\u011b\u0159iteln\u00fdch v\u00fdkon\u016f. Nap\u0159\u00edklad \u010das Ji\u0159\u00edho Je\u017eka na 4 km je druh\u00fdm nejlep\u0161\u00edm sv\u011btov\u00fdm \u010dasem, kter\u00e9ho kdy cyklista s podkolen\u00ed amputac\u00ed dos\u00e1hl(!) Lep\u0161\u00ed je pouze Jirk\u016fv sv\u011btov\u00fd rekord z Manchesteru z lo\u0148sk\u00e9ho roku. <\/p>\n<p> Sv\u00e1 osobn\u00ed maxima na motolsk\u00e9 dr\u00e1ze si rovn\u011b\u017e vylep\u0161il Michal Stark, pro kter\u00e9ho byla dvoum\u011bs\u00ed\u010dn\u00ed halov\u00e1 p\u0159\u00edprava na EP v N\u011bmecku v\u016fbec prvn\u00ed, kterou kdy absolvoval spole\u010dn\u011b s reprezenta\u010dn\u00edm t\u00fdmem. V\u00fdsledek je pro Michala v\u00edce ne\u017e slibn\u00fd \u2013 osobn\u00ed rekord na 3000 metr\u016f ve 45 letech asi \u010dekal m\u00e1lokdo&#8230; <\/p>\n<p> V\u00fdrazn\u011b si tak\u00e9 polep\u0161il tandem Moflar\/Chyba kter\u00fd sv\u00e9 motolsk\u00e9 maximum na 4000m vylep\u0161il o cel\u00fdch 7 vte\u0159in, 1000m pak o t\u00e9m\u011b\u0159 3 vte\u0159iny. <\/p>\n<p> Ve \u010dtvrtek brzy r\u00e1no odj\u00ed\u017ed\u00ed dvan\u00e1cti\u010dlenn\u00e1 cyklistick\u00e1 v\u00fdprava do N\u011bmecka, kde se z\u00fa\u010dastn\u00ed posledn\u00edho z\u00e1vodu t\u00e9to sez\u00f3ny, ov\u0161em v celosv\u011btov\u00e9 konkurenci a s motivac\u00ed v\u00edce ne\u017e velikou. Z\u00e1vod je toti\u017e za\u0159azen\u00fd jako jeden z nomina\u010dn\u00edch pro LPH v Lond\u00fdn\u011b 2012 a c\u00edlem na\u0161ich reprezentant\u016f tedy bude \u201evyjet\u201c maximum bod\u016f pro nomina\u010dn\u00ed kv\u00f3tu \u010cesk\u00e9 republiky. <\/p>\n<p> O pr\u016fb\u011bhu Evropsk\u00e9ho poh\u00e1ru v\u00e1s budeme informovat p\u0159\u00edmo z d\u011bji\u0161t\u011b akce. <\/p>\n<p> Foto: Michal \u010cerven\u00fd<\/p>\n<p> <img decoding=\"async\" src=\"\/wordpress\/image\/k_clankum\/mcr10draha\/mcr1.jpg\"><\/p>\n<p> <img decoding=\"async\" src=\"\/wordpress\/image\/k_clankum\/mcr10draha\/mcr2.jpg\"><\/p>\n<p> <img decoding=\"async\" src=\"\/wordpress\/image\/k_clankum\/mcr10draha\/mcr3.jpg\"><\/p>\n<p> <img decoding=\"async\" src=\"\/wordpress\/image\/k_clankum\/mcr10draha\/mcr4.jpg\"><\/p>\n<p> <img decoding=\"async\" src=\"\/wordpress\/image\/k_clankum\/mcr10draha\/mcr5.jpg\"><\/p>\n<p> <img decoding=\"async\" src=\"\/wordpress\/image\/k_clankum\/mcr10draha\/mcr6.jpg\"><\/p>\n<p> <img decoding=\"async\" src=\"\/wordpress\/image\/k_clankum\/mcr10draha\/mcr7.jpg\"><\/p>\n<p> <img decoding=\"async\" src=\"\/wordpress\/image\/k_clankum\/mcr10draha\/mcr8.jpg\"><\/p>\n<p> <img decoding=\"async\" src=\"\/wordpress\/image\/k_clankum\/mcr10draha\/mcr9.jpg\"><\/p>\n<p> <img decoding=\"async\" src=\"\/wordpress\/image\/k_clankum\/mcr10draha\/mcr10.jpg\"><\/p>\n","protected":false},"excerpt":{"rendered":"<a href=\"https:\/\/www.caths.cz\/wordpress\/otevrene-drahove-mcr-telesne-a-zrakove-handicapovanych-cyklistu-s-celou-radou-slibnych-vykonu\/\"><img loading=\"lazy\" decoding=\"async\" width=\"100\" height=\"100\" src=\"https:\/\/www.caths.cz\/wordpress\/wp-content\/plugins\/thumbnail-for-excerpts\/tfe_no_thumb.png\" class=\"alignleft wp-post-image tfe\" alt=\"\" title=\"\" \/><\/a><p>Reprezenta\u010dn\u00ed t\u00fdm t\u011blesn\u011b a zrakov\u011b handicapovan\u00fdch cyklist\u016f absolvoval t\u011bsn\u011b p\u0159ed sv\u00fdm odjezdem na dr\u00e1hov\u00fd Evropsk\u00fd poh\u00e1r v Kaarstu velmi rychl\u00fd tr\u00e9nink na motolsk\u00e9 dr\u00e1ze \u2013 Otev\u0159en\u00e9 M\u010cR. A kr\u00e1tk\u00e1, neregul\u00e9rn\u00ed [&hellip;]<\/p>\n","protected":false},"author":1,"featured_media":0,"comment_status":"closed","ping_status":"closed","sticky":false,"template":"","format":"standard","meta":{"ngg_post_thumbnail":0,"footnotes":""},"categories":[2],"tags":[],"class_list":["post-1614","post","type-post","status-publish","format-standard","hentry","category-cyklistika"],"_links":{"self":[{"href":"https:\/\/www.caths.cz\/wordpress\/wp-json\/wp\/v2\/posts\/1614","targetHints":{"allow":["GET"]}}],"collection":[{"href":"https:\/\/www.caths.cz\/wordpress\/wp-json\/wp\/v2\/posts"}],"about":[{"href":"https:\/\/www.caths.cz\/wordpress\/wp-json\/wp\/v2\/types\/post"}],"author":[{"embeddable":true,"href":"https:\/\/www.caths.cz\/wordpress\/wp-json\/wp\/v2\/users\/1"}],"replies":[{"embeddable":true,"href":"https:\/\/www.caths.cz\/wordpress\/wp-json\/wp\/v2\/comments?post=1614"}],"version-history":[{"count":0,"href":"https:\/\/www.caths.cz\/wordpress\/wp-json\/wp\/v2\/posts\/1614\/revisions"}],"wp:attachment":[{"href":"https:\/\/www.caths.cz\/wordpress\/wp-json\/wp\/v2\/media?parent=1614"}],"wp:term":[{"taxonomy":"category","embeddable":true,"href":"https:\/\/www.caths.cz\/wordpress\/wp-json\/wp\/v2\/categories?post=1614"},{"taxonomy":"post_tag","embeddable":true,"href":"https:\/\/www.caths.cz\/wordpress\/wp-json\/wp\/v2\/tags?post=1614"}],"curies":[{"name":"wp","href":"https:\/\/api.w.org\/{rel}","templated":true}]}}