{"id":1612,"date":"2010-10-12T08:16:27","date_gmt":"2010-10-12T07:16:27","guid":{"rendered":"http:\/\/www.caths.cz\/wordpress\/?p=1612"},"modified":"2010-10-12T08:16:27","modified_gmt":"2010-10-12T07:16:27","slug":"wwwcathscz-jsou-3-roky","status":"publish","type":"post","link":"https:\/\/www.caths.cz\/wordpress\/wwwcathscz-jsou-3-roky\/","title":{"rendered":"www.caths.cz jsou 3 roky!"},"content":{"rendered":"<p>Sv\u00e9 t\u0159et\u00ed narozeni slav\u00ed v t\u011bchto dnech \u2013 www.caths.cz.<\/p>\n<p align=\"justify\"> V\u00e1\u017een\u00ed \u010dten\u00e1\u0159i, <\/p>\n<p> dovolte pros\u00edm, abychom V\u00e1m pod\u011bkovali za Va\u0161i p\u0159\u00edze\u0148, d\u00edky kter\u00e9 se z na\u0161eho informa\u010dn\u00edho serveru, b\u011bhem on\u011bch uplynul\u00fdch t\u0159\u00ed let, stal jeden z nejvyhled\u00e1van\u011bj\u0161\u00edch informa\u010dn\u00edch port\u00e1l\u016f o sportu handicapovan\u00fdch v \u010cesk\u00e9 republice. Velmi si t\u00e9to pozice cen\u00edme, stejn\u011b tak i faktu, \u017ee informace z na\u0161eho webu p\u0159ij\u00edmaj\u00ed dal\u0161\u00ed v\u00fdznamn\u00e9 medi\u00e1ln\u00ed instituce, internetov\u00e9 port\u00e1ly, ale i tisk, rozhlasov\u00e9 stanice a TV. <\/p>\n<p> Obzvl\u00e1\u0161t\u011b si pak cen\u00edme toho, \u017ee n\u00e1m projevujete svou ka\u017edodenn\u00ed p\u0159\u00edze\u0148 i kdy\u017e nepou\u017e\u00edv\u00e1me \u010dten\u00e1\u0159sky vd\u011b\u010dn\u00e9 bulv\u00e1rn\u00ed \u201eberli\u010dky\u201c pro uchov\u00e1n\u00ed n\u00e1v\u0161t\u011bvnosti. T\u00edm m\u00e1me na mysli nap\u0159\u00edklad zve\u0159ej\u0148ov\u00e1n\u00ed ve\u0159ejn\u00fdch ur\u00e1\u017eliv\u00fdch diskus\u00ed, koment\u00e1\u0159\u016f k nepravdiv\u00fdm \u010di polopravdiv\u00fdm \u201eskand\u00e1ln\u00edm\u201c kauz\u00e1m nebo jednostrann\u00fdm medi\u00e1ln\u00edm \u00fatok\u016fm na libovoln\u00e9 p\u0159edstavitele sportu \u010di sportovce bez ohledu na to, zda maj\u00ed mo\u017enost se br\u00e1nit \u010di zda jsou zve\u0159ejn\u011bn\u00e1 obvin\u011bn\u00ed v\u016fbec pravdiv\u00e1. <\/p>\n<p> K psan\u00ed o uveden\u00fdch t\u00e9matech se opravdu nesn\u00ed\u017e\u00edme a r\u00e1di p\u0159enech\u00e1me tento medi\u00e1ln\u00ed prostor jin\u00fdm. <\/p>\n<p> I nad\u00e1le z\u016fstaneme nekonfliktn\u00ed a objektivn\u00ed informa\u010dn\u00ed port\u00e1l, kter\u00fd m\u00e1 jedin\u00fd c\u00edl: podporovat a medializovat sportovn\u00ed v\u00fdkony handicapovan\u00fdch sportovc\u016f na v\u0161ech v\u00fdkonnostn\u00edch \u00farovn\u00edch a p\u0159isp\u011bt tak k v\u011bt\u0161\u00ed a lep\u0161\u00ed informovanosti cel\u00e9 spole\u010dnosti o problematice sportu a volno\u010dasov\u00fdch aktivit\u00e1ch sportovc\u016f s handicapem. <\/p>\n<p> Va\u0161e pozitivn\u00ed reakce a po\u010det lid\u00ed, kte\u0159\u00ed i d\u00edky na\u0161emu webu z\u00edskali informace o sportu a za\u010dali pak sami aktivn\u011b a pravideln\u011b sportovat n\u00e1m dokl\u00e1daj\u00ed, \u017ee tato cesta je smyslupln\u00e1. <\/p>\n<p> D\u00cdKY a t\u011b\u0161\u00edme se na setk\u00e1n\u00ed p\u0159i dal\u0161\u00edch report\u00e1\u017e\u00edch ze sportovn\u00edch akc\u00ed, <\/p>\n<p> Va\u0161e redakce www.caths.cz <br \/> Jarka Krakovi\u010dov\u00e1, V\u011bra Vodi\u010dkov\u00e1, Kate\u0159ina Krebsov\u00e1, Zden\u011bk Zejda, Pavel Vodi\u010dka a Viktor Zapletal<\/p>\n","protected":false},"excerpt":{"rendered":"<a href=\"https:\/\/www.caths.cz\/wordpress\/wwwcathscz-jsou-3-roky\/\"><img loading=\"lazy\" decoding=\"async\" width=\"100\" height=\"100\" src=\"https:\/\/www.caths.cz\/wordpress\/wp-content\/plugins\/thumbnail-for-excerpts\/tfe_no_thumb.png\" class=\"alignleft wp-post-image tfe\" alt=\"\" title=\"\" \/><\/a><p>Sv\u00e9 t\u0159et\u00ed narozeni slav\u00ed v t\u011bchto dnech \u2013 www.caths.cz. V\u00e1\u017een\u00ed \u010dten\u00e1\u0159i, dovolte pros\u00edm, abychom V\u00e1m pod\u011bkovali za Va\u0161i p\u0159\u00edze\u0148, d\u00edky kter\u00e9 se z na\u0161eho informa\u010dn\u00edho serveru, b\u011bhem on\u011bch uplynul\u00fdch t\u0159\u00ed [&hellip;]<\/p>\n","protected":false},"author":1,"featured_media":0,"comment_status":"closed","ping_status":"closed","sticky":false,"template":"","format":"standard","meta":{"ngg_post_thumbnail":0,"footnotes":""},"categories":[6],"tags":[],"class_list":["post-1612","post","type-post","status-publish","format-standard","hentry","category-caths-info"],"_links":{"self":[{"href":"https:\/\/www.caths.cz\/wordpress\/wp-json\/wp\/v2\/posts\/1612","targetHints":{"allow":["GET"]}}],"collection":[{"href":"https:\/\/www.caths.cz\/wordpress\/wp-json\/wp\/v2\/posts"}],"about":[{"href":"https:\/\/www.caths.cz\/wordpress\/wp-json\/wp\/v2\/types\/post"}],"author":[{"embeddable":true,"href":"https:\/\/www.caths.cz\/wordpress\/wp-json\/wp\/v2\/users\/1"}],"replies":[{"embeddable":true,"href":"https:\/\/www.caths.cz\/wordpress\/wp-json\/wp\/v2\/comments?post=1612"}],"version-history":[{"count":0,"href":"https:\/\/www.caths.cz\/wordpress\/wp-json\/wp\/v2\/posts\/1612\/revisions"}],"wp:attachment":[{"href":"https:\/\/www.caths.cz\/wordpress\/wp-json\/wp\/v2\/media?parent=1612"}],"wp:term":[{"taxonomy":"category","embeddable":true,"href":"https:\/\/www.caths.cz\/wordpress\/wp-json\/wp\/v2\/categories?post=1612"},{"taxonomy":"post_tag","embeddable":true,"href":"https:\/\/www.caths.cz\/wordpress\/wp-json\/wp\/v2\/tags?post=1612"}],"curies":[{"name":"wp","href":"https:\/\/api.w.org\/{rel}","templated":true}]}}