{"id":1611,"date":"2010-10-11T13:59:09","date_gmt":"2010-10-11T12:59:09","guid":{"rendered":"http:\/\/www.caths.cz\/wordpress\/?p=1611"},"modified":"2010-10-11T13:59:09","modified_gmt":"2010-10-11T12:59:09","slug":"pozvanka-na-halove-mistrovstvi-nemecka-v-atletice","status":"publish","type":"post","link":"https:\/\/www.caths.cz\/wordpress\/pozvanka-na-halove-mistrovstvi-nemecka-v-atletice\/","title":{"rendered":"Pozv\u00e1nka na halov\u00e9 Mistrovstv\u00ed N\u011bmecka v atletice"},"content":{"rendered":"<p align=\"justify\">\nAtletick\u00e9 halov\u00e9 Mistrovstv\u00ed N\u011bmecka se kon\u00e1  18. \u2013 19.12. 2010 v Erfurtu a je vyps\u00e1no pro t\u011blesn\u011b, zrakov\u011b a ment\u00e1ln\u011b posti\u017een\u00e9 atlety. Z\u00e1vody jsou posledn\u00ed prov\u011brkou p\u0159ed MS v Christchurch. Pozv\u00e1nku a propozice naleznete  <a href=\"http:\/\/www.caths.cz\/storage\/atletika\/GermanNationalsIndoor_2011_2.pdf\"><font color=\"#0066CC\"><br \/>\nzde<\/font><\/a><\/strong><\/p>\n<p align=\"justify\"> Budete \u2013 li cht\u00edt halov\u00e9ho Mistrovstv\u00ed z\u00fa\u010dastnit, pak v\u00e1s jist\u011b bude zaj\u00edmat informace, \u017ee po\u0159adatel bude rezervovat objedn\u00e1vky na ubytov\u00e1n\u00ed do 18.10.2010. <br \/> Po tomto term\u00ednu budou v\u0161echny nepotvrzen\u00e9 rezervace zru\u0161eny. <br \/> Dod\u00e1v\u00e1me jen, \u017ee na z\u00e1vody je mo\u017en\u00e9 se p\u0159ihl\u00e1sit do 17.11.2010. Info na <a href=\"http:\/\/www.team-thomas.org\"><font color=\"#0066CC\"> www.team-thomas.org<\/font><\/a><\/strong><\/p><\/p>\n","protected":false},"excerpt":{"rendered":"<a href=\"https:\/\/www.caths.cz\/wordpress\/pozvanka-na-halove-mistrovstvi-nemecka-v-atletice\/\"><img loading=\"lazy\" decoding=\"async\" width=\"100\" height=\"100\" src=\"https:\/\/www.caths.cz\/wordpress\/wp-content\/plugins\/thumbnail-for-excerpts\/tfe_no_thumb.png\" class=\"alignleft wp-post-image tfe\" alt=\"\" title=\"\" \/><\/a><p>Atletick\u00e9 halov\u00e9 Mistrovstv\u00ed N\u011bmecka se kon\u00e1 18. \u2013 19.12. 2010 v Erfurtu a je vyps\u00e1no pro t\u011blesn\u011b, zrakov\u011b a ment\u00e1ln\u011b posti\u017een\u00e9 atlety. Z\u00e1vody jsou posledn\u00ed prov\u011brkou p\u0159ed MS v Christchurch. [&hellip;]<\/p>\n","protected":false},"author":1,"featured_media":0,"comment_status":"closed","ping_status":"closed","sticky":false,"template":"","format":"standard","meta":{"ngg_post_thumbnail":0,"footnotes":""},"categories":[5],"tags":[],"class_list":["post-1611","post","type-post","status-publish","format-standard","hentry","category-atletika"],"_links":{"self":[{"href":"https:\/\/www.caths.cz\/wordpress\/wp-json\/wp\/v2\/posts\/1611","targetHints":{"allow":["GET"]}}],"collection":[{"href":"https:\/\/www.caths.cz\/wordpress\/wp-json\/wp\/v2\/posts"}],"about":[{"href":"https:\/\/www.caths.cz\/wordpress\/wp-json\/wp\/v2\/types\/post"}],"author":[{"embeddable":true,"href":"https:\/\/www.caths.cz\/wordpress\/wp-json\/wp\/v2\/users\/1"}],"replies":[{"embeddable":true,"href":"https:\/\/www.caths.cz\/wordpress\/wp-json\/wp\/v2\/comments?post=1611"}],"version-history":[{"count":0,"href":"https:\/\/www.caths.cz\/wordpress\/wp-json\/wp\/v2\/posts\/1611\/revisions"}],"wp:attachment":[{"href":"https:\/\/www.caths.cz\/wordpress\/wp-json\/wp\/v2\/media?parent=1611"}],"wp:term":[{"taxonomy":"category","embeddable":true,"href":"https:\/\/www.caths.cz\/wordpress\/wp-json\/wp\/v2\/categories?post=1611"},{"taxonomy":"post_tag","embeddable":true,"href":"https:\/\/www.caths.cz\/wordpress\/wp-json\/wp\/v2\/tags?post=1611"}],"curies":[{"name":"wp","href":"https:\/\/api.w.org\/{rel}","templated":true}]}}