{"id":1610,"date":"2010-10-10T17:31:55","date_gmt":"2010-10-10T16:31:55","guid":{"rendered":"http:\/\/www.caths.cz\/wordpress\/?p=1610"},"modified":"2010-10-10T17:31:55","modified_gmt":"2010-10-10T16:31:55","slug":"prectete-si-rozhovor-s-terezou-diepoldovou-pro-mf-dnes","status":"publish","type":"post","link":"https:\/\/www.caths.cz\/wordpress\/prectete-si-rozhovor-s-terezou-diepoldovou-pro-mf-dnes\/","title":{"rendered":"P\u0159e\u010dt\u011bte si rozhovor s Terezou Diepoldovou pro MF DNES"},"content":{"rendered":"<p align=\"justify\">\nByla reprezentantkou \u010cR v plav\u00e1n\u00ed, m\u00e1 za sebou paralympi\u00e1du v At\u00e9n\u00e1ch i<br \/>\nPekingu, fotil j\u00ed Jan Saudek a jej\u00ed pohlednou tv\u00e1\u0159 si pro televizn\u00ed reklamn\u00ed<br \/>\nspot vybrala velk\u00e1 spole\u010dnost, chod\u00ed s pilotem tandemu Jirkou Chybou a<br \/>\nstuduje vysokou \u0161kolu v Olomouci.<\/p>\n<p align=\"justify\"><img decoding=\"async\" src=\"\/wordpress\/image\/k_clankum\/terka_min.jpg\" ALIGN=\"right\" HSPACE=5 VSPACE=5> P\u0159ed p\u016fl rokem se rozhodla, \u017ee plavky vym\u011bn\u00ed za kolo. A v sobotu 25.9. 2010 vyhr\u00e1la na kole sv\u016fj prvn\u00ed velk\u00fd z\u00e1vod &#8211; Evropsk\u00fd poh\u00e1r v Praze na Strahov\u011b. <br \/> Terezka Diepoldov\u00e1. <\/p>\n<p> P\u0159e\u010dt\u011bte si rozhovor s n\u00ed pro idnes na: <a href=\"http:\/\/sport.idnes.cz\/z-plavkyne-cyklistkou-co-mozna-pojede-v-londyne-o-meda ili-paralympijskou-1lh-\/cyklistika.asp?c=A100928_153002_cyklistika_fil\"><font color=\"#0066CC\"> zde<\/font><\/a><\/strong><\/p>\n","protected":false},"excerpt":{"rendered":"<a href=\"https:\/\/www.caths.cz\/wordpress\/prectete-si-rozhovor-s-terezou-diepoldovou-pro-mf-dnes\/\"><img loading=\"lazy\" decoding=\"async\" width=\"100\" height=\"100\" src=\"https:\/\/www.caths.cz\/wordpress\/wp-content\/plugins\/thumbnail-for-excerpts\/tfe_no_thumb.png\" class=\"alignleft wp-post-image tfe\" alt=\"\" title=\"\" \/><\/a><p>Byla reprezentantkou \u010cR v plav\u00e1n\u00ed, m\u00e1 za sebou paralympi\u00e1du v At\u00e9n\u00e1ch i Pekingu, fotil j\u00ed Jan Saudek a jej\u00ed pohlednou tv\u00e1\u0159 si pro televizn\u00ed reklamn\u00ed spot vybrala velk\u00e1 spole\u010dnost, chod\u00ed [&hellip;]<\/p>\n","protected":false},"author":1,"featured_media":0,"comment_status":"closed","ping_status":"closed","sticky":false,"template":"","format":"standard","meta":{"ngg_post_thumbnail":0,"footnotes":""},"categories":[2],"tags":[],"class_list":["post-1610","post","type-post","status-publish","format-standard","hentry","category-cyklistika"],"_links":{"self":[{"href":"https:\/\/www.caths.cz\/wordpress\/wp-json\/wp\/v2\/posts\/1610","targetHints":{"allow":["GET"]}}],"collection":[{"href":"https:\/\/www.caths.cz\/wordpress\/wp-json\/wp\/v2\/posts"}],"about":[{"href":"https:\/\/www.caths.cz\/wordpress\/wp-json\/wp\/v2\/types\/post"}],"author":[{"embeddable":true,"href":"https:\/\/www.caths.cz\/wordpress\/wp-json\/wp\/v2\/users\/1"}],"replies":[{"embeddable":true,"href":"https:\/\/www.caths.cz\/wordpress\/wp-json\/wp\/v2\/comments?post=1610"}],"version-history":[{"count":0,"href":"https:\/\/www.caths.cz\/wordpress\/wp-json\/wp\/v2\/posts\/1610\/revisions"}],"wp:attachment":[{"href":"https:\/\/www.caths.cz\/wordpress\/wp-json\/wp\/v2\/media?parent=1610"}],"wp:term":[{"taxonomy":"category","embeddable":true,"href":"https:\/\/www.caths.cz\/wordpress\/wp-json\/wp\/v2\/categories?post=1610"},{"taxonomy":"post_tag","embeddable":true,"href":"https:\/\/www.caths.cz\/wordpress\/wp-json\/wp\/v2\/tags?post=1610"}],"curies":[{"name":"wp","href":"https:\/\/api.w.org\/{rel}","templated":true}]}}