{"id":1608,"date":"2010-10-08T22:45:18","date_gmt":"2010-10-08T21:45:18","guid":{"rendered":"http:\/\/www.caths.cz\/wordpress\/?p=1608"},"modified":"2010-10-08T22:45:18","modified_gmt":"2010-10-08T21:45:18","slug":"deti-na-zakladni-skole-se-uci-o-jezkovi","status":"publish","type":"post","link":"https:\/\/www.caths.cz\/wordpress\/deti-na-zakladni-skole-se-uci-o-jezkovi\/","title":{"rendered":"D\u011bti na z\u00e1kladn\u00ed \u0161kole se u\u010d\u00ed o Je\u017ekovi"},"content":{"rendered":"<p align=\"justify\">\nChcete v\u011bd\u011bt, co v\u0161echno mus\u00edte ud\u011blat, abyste se dostali na str\u00e1nky u\u010debnice Vlastiv\u011bdy pro \u010dtvrtou t\u0159\u00eddu z\u00e1kladn\u00edch \u0161kol a va\u0161e jm\u00e9no a \u00fasp\u011bchy tak znaly v\u0161echny d\u011bti v \u010cesk\u00e9 republice?<\/p>\n<p align=\"justify\"> Nen\u00ed to v\u016fbec snadn\u00e9, budete k tomu toti\u017e pot\u0159ebovat nejm\u00e9n\u011b p\u011bt titul\u016f paralympijsk\u00e9ho v\u00edt\u011bze a p\u011bt titul\u016f mistra sv\u011bta, jako n\u00e1\u0161 nej\u00fasp\u011b\u0161n\u011bj\u0161\u00ed cyklista \u2013 Ji\u0159\u00ed Je\u017eek. <\/p>\n<p> <a href=\"http:\/\/www.caths.cz\/image\/k_clankum\/vlastiveda_max.jpg\"><img decoding=\"async\" style=\" border-color:#666\" src=\"image\/k_clankum\/vlastiveda.jpg\" border=\"1\"><\/a><\/p>\n","protected":false},"excerpt":{"rendered":"<a href=\"https:\/\/www.caths.cz\/wordpress\/deti-na-zakladni-skole-se-uci-o-jezkovi\/\"><img loading=\"lazy\" decoding=\"async\" width=\"100\" height=\"100\" src=\"https:\/\/www.caths.cz\/wordpress\/wp-content\/plugins\/thumbnail-for-excerpts\/tfe_no_thumb.png\" class=\"alignleft wp-post-image tfe\" alt=\"\" title=\"\" \/><\/a><p>Chcete v\u011bd\u011bt, co v\u0161echno mus\u00edte ud\u011blat, abyste se dostali na str\u00e1nky u\u010debnice Vlastiv\u011bdy pro \u010dtvrtou t\u0159\u00eddu z\u00e1kladn\u00edch \u0161kol a va\u0161e jm\u00e9no a \u00fasp\u011bchy tak znaly v\u0161echny d\u011bti v \u010cesk\u00e9 republice? [&hellip;]<\/p>\n","protected":false},"author":1,"featured_media":0,"comment_status":"closed","ping_status":"closed","sticky":false,"template":"","format":"standard","meta":{"ngg_post_thumbnail":0,"footnotes":""},"categories":[2],"tags":[],"class_list":["post-1608","post","type-post","status-publish","format-standard","hentry","category-cyklistika"],"_links":{"self":[{"href":"https:\/\/www.caths.cz\/wordpress\/wp-json\/wp\/v2\/posts\/1608","targetHints":{"allow":["GET"]}}],"collection":[{"href":"https:\/\/www.caths.cz\/wordpress\/wp-json\/wp\/v2\/posts"}],"about":[{"href":"https:\/\/www.caths.cz\/wordpress\/wp-json\/wp\/v2\/types\/post"}],"author":[{"embeddable":true,"href":"https:\/\/www.caths.cz\/wordpress\/wp-json\/wp\/v2\/users\/1"}],"replies":[{"embeddable":true,"href":"https:\/\/www.caths.cz\/wordpress\/wp-json\/wp\/v2\/comments?post=1608"}],"version-history":[{"count":0,"href":"https:\/\/www.caths.cz\/wordpress\/wp-json\/wp\/v2\/posts\/1608\/revisions"}],"wp:attachment":[{"href":"https:\/\/www.caths.cz\/wordpress\/wp-json\/wp\/v2\/media?parent=1608"}],"wp:term":[{"taxonomy":"category","embeddable":true,"href":"https:\/\/www.caths.cz\/wordpress\/wp-json\/wp\/v2\/categories?post=1608"},{"taxonomy":"post_tag","embeddable":true,"href":"https:\/\/www.caths.cz\/wordpress\/wp-json\/wp\/v2\/tags?post=1608"}],"curies":[{"name":"wp","href":"https:\/\/api.w.org\/{rel}","templated":true}]}}