{"id":1603,"date":"2010-10-04T09:57:39","date_gmt":"2010-10-04T08:57:39","guid":{"rendered":"http:\/\/www.caths.cz\/wordpress\/?p=1603"},"modified":"2010-10-04T09:57:39","modified_gmt":"2010-10-04T08:57:39","slug":"konecne-zverejneno-drahove-mistrovstvi-sveta-v-cyklistice","status":"publish","type":"post","link":"https:\/\/www.caths.cz\/wordpress\/konecne-zverejneno-drahove-mistrovstvi-sveta-v-cyklistice\/","title":{"rendered":"Kone\u010dn\u011b zve\u0159ejn\u011bno \u2013 dr\u00e1hov\u00e9 mistrovstv\u00ed sv\u011bta v cyklistice"},"content":{"rendered":"<p align=\"justify\">\nZpr\u00e1va na kterou p\u0159\u00edznivci cyklistiky dlouho \u010dekali, je tady. Jak bylo uvedeno na str\u00e1nk\u00e1ch UCI, dr\u00e1hov\u00e9 mistrovstv\u00ed sv\u011bta handicapovan\u00fdch cyklist\u016f se uskute\u010dn\u00ed v italsk\u00e9m Montichiari. Konkr\u00e9tn\u00ed datum bude je\u0161t\u011b up\u0159esn\u011bno, nicm\u00e9n\u011b je jist\u00e9, \u017ee MS prob\u011bhne v m\u011bs\u00edci \u00fanoru nebo b\u0159eznu 2011.<\/p>\n<p align=\"justify\"> Naopak ji\u017e naprosto jist\u00e9 je datum kon\u00e1n\u00ed dr\u00e1hov\u00e9ho mistrovstv\u00ed sv\u011bta, kter\u00e9 se uskute\u010dn\u00ed v paralympijsk\u00e9m roce. V dob\u011b od 10. do 12. 2. 2012 bude hostitelem sv\u00e1tku sv\u011btov\u00e9 dr\u00e1hov\u00e9 paracyklistiky Los Angeles v USA.<\/p>\n<p> <img decoding=\"async\" src=\"\/wordpress\/image\/k_clankum\/velodrom211.jpg\"><\/p>\n","protected":false},"excerpt":{"rendered":"<a href=\"https:\/\/www.caths.cz\/wordpress\/konecne-zverejneno-drahove-mistrovstvi-sveta-v-cyklistice\/\"><img loading=\"lazy\" decoding=\"async\" width=\"100\" height=\"100\" src=\"https:\/\/www.caths.cz\/wordpress\/wp-content\/plugins\/thumbnail-for-excerpts\/tfe_no_thumb.png\" class=\"alignleft wp-post-image tfe\" alt=\"\" title=\"\" \/><\/a><p>Zpr\u00e1va na kterou p\u0159\u00edznivci cyklistiky dlouho \u010dekali, je tady. Jak bylo uvedeno na str\u00e1nk\u00e1ch UCI, dr\u00e1hov\u00e9 mistrovstv\u00ed sv\u011bta handicapovan\u00fdch cyklist\u016f se uskute\u010dn\u00ed v italsk\u00e9m Montichiari. Konkr\u00e9tn\u00ed datum bude je\u0161t\u011b up\u0159esn\u011bno, [&hellip;]<\/p>\n","protected":false},"author":1,"featured_media":0,"comment_status":"closed","ping_status":"closed","sticky":false,"template":"","format":"standard","meta":{"ngg_post_thumbnail":0,"footnotes":""},"categories":[2],"tags":[],"class_list":["post-1603","post","type-post","status-publish","format-standard","hentry","category-cyklistika"],"_links":{"self":[{"href":"https:\/\/www.caths.cz\/wordpress\/wp-json\/wp\/v2\/posts\/1603","targetHints":{"allow":["GET"]}}],"collection":[{"href":"https:\/\/www.caths.cz\/wordpress\/wp-json\/wp\/v2\/posts"}],"about":[{"href":"https:\/\/www.caths.cz\/wordpress\/wp-json\/wp\/v2\/types\/post"}],"author":[{"embeddable":true,"href":"https:\/\/www.caths.cz\/wordpress\/wp-json\/wp\/v2\/users\/1"}],"replies":[{"embeddable":true,"href":"https:\/\/www.caths.cz\/wordpress\/wp-json\/wp\/v2\/comments?post=1603"}],"version-history":[{"count":0,"href":"https:\/\/www.caths.cz\/wordpress\/wp-json\/wp\/v2\/posts\/1603\/revisions"}],"wp:attachment":[{"href":"https:\/\/www.caths.cz\/wordpress\/wp-json\/wp\/v2\/media?parent=1603"}],"wp:term":[{"taxonomy":"category","embeddable":true,"href":"https:\/\/www.caths.cz\/wordpress\/wp-json\/wp\/v2\/categories?post=1603"},{"taxonomy":"post_tag","embeddable":true,"href":"https:\/\/www.caths.cz\/wordpress\/wp-json\/wp\/v2\/tags?post=1603"}],"curies":[{"name":"wp","href":"https:\/\/api.w.org\/{rel}","templated":true}]}}