{"id":1602,"date":"2010-10-03T20:57:11","date_gmt":"2010-10-03T19:57:11","guid":{"rendered":"http:\/\/www.caths.cz\/wordpress\/?p=1602"},"modified":"2010-10-03T20:57:11","modified_gmt":"2010-10-03T19:57:11","slug":"ranking-caths-2010","status":"publish","type":"post","link":"https:\/\/www.caths.cz\/wordpress\/ranking-caths-2010\/","title":{"rendered":"Ranking \u010cATHS 2010"},"content":{"rendered":"<p align=\"justify\">\nP\u0159esto\u017ee do hodnocen\u00ed sportovn\u00edho roku 2010 je je\u0161t\u011b daleko, sestavili jsme pro v\u00e1s  Ranking \u2013 \u017eeb\u0159\u00ed\u010dek nej\u00fasp\u011b\u0161n\u011bj\u0161\u00edch sportovc\u016f \u010cATHS, kter\u00fdm se v tomto roce poda\u0159ilo usp\u011bt na mezin\u00e1rodn\u00edch z\u00e1vodech.\n<\/p>\n<p align=\"justify\"> Na\u0161e sportovce \u010dekaj\u00ed do konce roku je\u0161t\u011b dv\u011b vrcholn\u00e9 ud\u00e1losti, kter\u00e9 by \u017eeb\u0159\u00ed\u010dek mohly v\u00fdrazn\u011bji ovlivnit \u2013 cyklist\u00e9 se z\u00fa\u010dastn\u00ed Evropsk\u00e9ho poh\u00e1ru na dr\u00e1ze a stoln\u00ed tenist\u00e9 zam\u00ed\u0159\u00ed na mistrovstv\u00ed sv\u011bta, kter\u00e9 se kon\u00e1 v korejsk\u00e9m Gwangju na p\u0159elomu \u0159\u00edjna a listopadu. Tak dr\u017eme spole\u010dn\u011b palce.<br \/> Upozor\u0148ujeme \u010dten\u00e1\u0159e, \u017ee nejde o ofici\u00e1ln\u00ed \u017eeb\u0159\u00ed\u010dek, pouze o, co mo\u017en\u00e1 nejobjektivn\u011bj\u0161\u00ed, n\u00e1zor na\u0161\u00ed redakce. V p\u0159\u00edpad\u011b shody na n\u011bkter\u00fdch m\u00edstech jsme brali v \u00favahu v\u00fdkonnost a um\u00edst\u011bn\u00ed v letech minul\u00fdch a zda se jedn\u00e1 o paralympijskou discipl\u00ednu.<\/p>\n<p> Tak\u017ee tady je n\u00e1\u0161 Ranking \u010cATHS aneb na\u0161i nej\u00fasp\u011b\u0161n\u011bj\u0161\u00ed sportovci v roce 2010:<\/p>\n<p> <strong> 1 &#8211; 2. m\u00edsto: cyklista Ji\u0159\u00ed Je\u017eek &#8211; mistr sv\u011bta v \u010dasovce jednotlivc\u016f<\/strong><br \/> Mistr sv\u011bta v silni\u010dn\u00ed \u010dasovce jednotlivc\u016f z Baie Comeau si dojel u\u017e pro sv\u016fj p\u00e1t\u00fd duhov\u00fd dres a stejn\u00fd je i po\u010det jeho zlat\u00fdch medail\u00ed z paralympijsk\u00fdch her, co\u017e z Jirky \u010din\u00ed skute\u010dnou osobnost sv\u011btov\u00e9ho sportu<\/p>\n<p> <strong> 1 &#8211; 2. m\u00edsto: plavec Arno\u0161t Petr\u00e1\u010dek &#8211; mistr sv\u011bta v discipl\u00edn\u011b 50 metr\u016f mot\u00fdl v kategorii S4 a vicemistr sv\u011bta v discipl\u00edn\u011b 50m znak<\/strong><br \/> Arno\u0161t se kone\u010dn\u011b do\u010dkal prvn\u00ed velk\u00e9 zlat\u00e9 medaile a sv\u00e9 um\u00edst\u011bn\u00ed &#8222;oko\u0159enil&#8220; i nov\u00fdm sv\u011btov\u00fdm rekordem. \u0160koda jen, \u017ee 50 metr\u016f mot\u00fdl nen\u00ed paralympijskou discipl\u00ednou pro kategorii S4<\/p>\n<p> <strong> 3. m\u00edsto: plavkyn\u011b B\u011bla Hlav\u00e1\u010dkov\u00e1 &#8211; T\u0159eb\u00ednov\u00e1 &#8211; 2 st\u0159\u00edbrn\u00e9 a jedna bronzov\u00e1 medaile na mistrovstv\u00ed sv\u011bta<\/strong><br \/> Mistryn\u011b sv\u011bta a paralympijsk\u00e1 v\u00edt\u011bzka tentokr\u00e1t z\u016fstala kous\u00ed\u010dek od zlata, nicm\u00e9n\u011b 2 st\u0159\u00edbrn\u00e9 medaile a jedna bronzov\u00e1 jsou velik\u00fdm \u00fasp\u011bchem a dokladem stabiln\u00ed v\u00fdkonnosti<\/p>\n<p> <strong> 4. m\u00edsto: plavec Jan Pov\u00fd\u0161il &#8211; vicemistr sv\u011bta v discipl\u00edn\u011b 150 m polohovka<\/strong><br \/> Honza zabojoval, nejd\u0159\u00edve porazil \u017eloutenku, pak i proklat\u00e1 \u010dtvrt\u00e1 m\u00edsta a na mistrovstv\u00ed sv\u011bta v polohov\u00e9m z\u00e1vod\u011b na 150 m si doplaval pro sv\u016fj \u017eivotn\u00ed \u00fasp\u011bch<\/p>\n<p> <strong> 5. m\u00edsto: cyklista Michal Stark &#8211; t\u0159et\u00ed m\u00edsto na mistrovstv\u00ed sv\u011bta v silni\u010dn\u00ed \u010dasovce<\/strong><br \/> V\u00fdkon na sam\u00e9 hranici osobn\u00edch mo\u017enost\u00ed zajistil Michalovi bronzovou medaili z Baie Comeau<\/p>\n<p> <strong> 6. m\u00edsto: lukost\u0159elkyn\u011b Lenka Kuncov\u00e1 a Mirka \u010cern\u00e1 \u2013 t\u0159et\u00ed m\u00edsto na mistrovstv\u00ed Evropy v sout\u011b\u017ei dru\u017estev<\/strong><br \/> Na\u0161e d\u00e1my potvrdily, \u017ee spole\u010dn\u011b s Mark\u00e9tou Sidkovou tvo\u0159\u00ed t\u00fdm, kter\u00fd pat\u0159\u00ed k absolutn\u00ed sv\u011btov\u00e9 \u0161pi\u010dce. V jinak nep\u0159\u00edli\u0161 vyda\u0159en\u00e9 sez\u00f3n\u011b lukost\u0159elc\u016fm tuto medaili moc p\u0159ejeme<\/p>\n<p> <strong> 7. m\u00edsto: sledge hokejov\u00fd n\u00e1rodn\u00ed t\u00fdm &#8211; p\u00e1t\u00e9 m\u00edsto na paralympijsk\u00fdch hr\u00e1ch ve Vancouveru<\/strong><br \/> Fantastick\u00e9 p\u00e1t\u00e9 m\u00edsto v absolutn\u00ed sv\u011btov\u00e9 konkurenci, tak to je historick\u00fd \u00fasp\u011bch na\u0161ich sledge hokejist\u016f<\/p>\n<p> <strong> 8. m\u00edsto: cyklista Tom\u00e1\u0161 Kvasni\u010dka &#8211; p\u00e1t\u00e9 m\u00edsto na mistrovstv\u00ed sv\u011bta v silni\u010dn\u00edm z\u00e1vod\u011b<\/strong><br \/> Po t\u00e9m\u011b\u0159 p\u016flro\u010dn\u00edm tr\u00e9ninkov\u00e9m v\u00fdpadku je Tom\u00e1\u0161 zp\u011bt ve sv\u011btov\u00e9 cyklistick\u00e9 \u0161pi\u010dce. Mladi\u010dk\u00fd cyklista m\u00e1 celou kari\u00e9ru p\u0159ed sebou a \u017ee s n\u00edm sv\u011bt mus\u00ed zcela v\u00e1\u017en\u011b po\u010d\u00edtat potvrdil p\u00e1t\u00fdm m\u00edstem v Baie Comeau v n\u00e1dhern\u00e9m silni\u010dn\u00edm z\u00e1vod\u011b<\/p>\n<p> <strong> 9. m\u00edsto: plavkyn\u011b Ad\u00e9la Kol\u00ednsk\u00e1 &#8211; 7. m\u00edsto na mistrovstv\u00ed sv\u011bta v z\u00e1vod\u011b na 5 km<\/strong><br \/> Velmi kvalitn\u00ed um\u00edst\u011bn\u00ed Ad\u00e9ly v nejdel\u0161\u00ed a velmi t\u011b\u017ek\u00e9 plaveck\u00e9 discipl\u00edn\u011b<\/p>\n<p> <strong> 10. m\u00edsto: ly\u017ea\u0159 Stanislav Loska &#8211; 12. m\u00edsto v superkombinaci na paralympijsk\u00fdch hr\u00e1ch ve Vancouveru<\/strong><br \/> Stanislav Loska op\u011bt potvrdil, \u017ee je na\u0161\u00edm nejlep\u0161\u00edm ly\u017ea\u0159em sou\u010dasnosti a jeho vynikaj\u00edc\u00ed um\u00edst\u011bn\u00ed ve v\u0161ech discipl\u00edn\u00e1ch, ve kter\u00fdch startoval (12. superkombinace, 13. ob\u0159\u00ed slalom, 14. slalom, 18. sjezd), zasluhuje n\u00e1\u0161 obrovsk\u00fd respekt<\/p>\n<p> Ne v\u0161em sport\u016fm se ale da\u0159ilo tak, jak bychom si p\u0159\u00e1li:<\/p>\n<p> Navzdory absenci odpov\u00eddaj\u00edc\u00edch tr\u00e9ninkov\u00fdch podm\u00ednek m\u00e1me velmi kvalitn\u00ed jachta\u0159e. T\u00edm sp\u00ed\u0161e n\u00e1s mrz\u00ed, \u017ee na\u0161i reprezentanti nepotvrdili sv\u00e9 dosavadn\u00ed slibn\u00e9 v\u00fdsledky a na mistrovstv\u00ed sv\u011bta se jim nepoda\u0159ilo vybojovat pot\u0159ebn\u00e9 um\u00edst\u011bn\u00ed k potvrzen\u00ed nominace na paralympijsk\u00fd Lond\u00fdn. Dal\u0161\u00ed p\u0159\u00edle\u017eitost budou m\u00edt v n\u00e1sleduj\u00edc\u00edm roce, tak pevn\u011b v\u011b\u0159\u00edme, \u017ee to vyjde a na\u0161e jachta bude startovat na paralympijsk\u00fdch hr\u00e1ch v Lond\u00fdn\u011b 2012.<\/p>\n<p> Aktivn\u00ed je st\u0159eleck\u00fd sport s vlastn\u00edm \u010cesk\u00fdm poh\u00e1rem i pom\u011brn\u011b \u0161irokou z\u00e1kladnou \u010dlen\u016f. To v\u0161ak na cestu do sv\u011bta nesta\u010d\u00ed, na mezin\u00e1rodn\u00edch z\u00e1vodech se na\u0161im st\u0159elc\u016fm, tradi\u010dn\u011b, v\u016fbec neda\u0159\u00ed a shodn\u011b figuruj\u00ed na posledn\u00edch m\u00edstech v\u00fdsledkov\u00fdch listin. Na leto\u0161n\u00edm mistrovstv\u00ed sv\u011bta tomu nebylo jinak, a tak na\u0161i st\u0159elci nebudou m\u00edt, s nejv\u011bt\u0161\u00ed pravd\u011bpodobnost\u00ed, sv\u00e9ho z\u00e1stupce v Lond\u00fdn\u011b na paralympijsk\u00fdch hr\u00e1ch, co\u017e n\u00e1s velmi mrz\u00ed. <\/p>\n","protected":false},"excerpt":{"rendered":"<a href=\"https:\/\/www.caths.cz\/wordpress\/ranking-caths-2010\/\"><img loading=\"lazy\" decoding=\"async\" width=\"100\" height=\"100\" src=\"https:\/\/www.caths.cz\/wordpress\/wp-content\/plugins\/thumbnail-for-excerpts\/tfe_no_thumb.png\" class=\"alignleft wp-post-image tfe\" alt=\"\" title=\"\" \/><\/a><p>P\u0159esto\u017ee do hodnocen\u00ed sportovn\u00edho roku 2010 je je\u0161t\u011b daleko, sestavili jsme pro v\u00e1s Ranking \u2013 \u017eeb\u0159\u00ed\u010dek nej\u00fasp\u011b\u0161n\u011bj\u0161\u00edch sportovc\u016f \u010cATHS, kter\u00fdm se v tomto roce poda\u0159ilo usp\u011bt na mezin\u00e1rodn\u00edch z\u00e1vodech. Na\u0161e [&hellip;]<\/p>\n","protected":false},"author":1,"featured_media":0,"comment_status":"closed","ping_status":"closed","sticky":false,"template":"","format":"standard","meta":{"ngg_post_thumbnail":0,"footnotes":""},"categories":[6],"tags":[],"class_list":["post-1602","post","type-post","status-publish","format-standard","hentry","category-caths-info"],"_links":{"self":[{"href":"https:\/\/www.caths.cz\/wordpress\/wp-json\/wp\/v2\/posts\/1602","targetHints":{"allow":["GET"]}}],"collection":[{"href":"https:\/\/www.caths.cz\/wordpress\/wp-json\/wp\/v2\/posts"}],"about":[{"href":"https:\/\/www.caths.cz\/wordpress\/wp-json\/wp\/v2\/types\/post"}],"author":[{"embeddable":true,"href":"https:\/\/www.caths.cz\/wordpress\/wp-json\/wp\/v2\/users\/1"}],"replies":[{"embeddable":true,"href":"https:\/\/www.caths.cz\/wordpress\/wp-json\/wp\/v2\/comments?post=1602"}],"version-history":[{"count":0,"href":"https:\/\/www.caths.cz\/wordpress\/wp-json\/wp\/v2\/posts\/1602\/revisions"}],"wp:attachment":[{"href":"https:\/\/www.caths.cz\/wordpress\/wp-json\/wp\/v2\/media?parent=1602"}],"wp:term":[{"taxonomy":"category","embeddable":true,"href":"https:\/\/www.caths.cz\/wordpress\/wp-json\/wp\/v2\/categories?post=1602"},{"taxonomy":"post_tag","embeddable":true,"href":"https:\/\/www.caths.cz\/wordpress\/wp-json\/wp\/v2\/tags?post=1602"}],"curies":[{"name":"wp","href":"https:\/\/api.w.org\/{rel}","templated":true}]}}