{"id":1601,"date":"2010-10-02T12:06:42","date_gmt":"2010-10-02T11:06:42","guid":{"rendered":"http:\/\/www.caths.cz\/wordpress\/?p=1601"},"modified":"2010-10-02T12:06:42","modified_gmt":"2010-10-02T11:06:42","slug":"video-tomase-poucha-z-evropskeho-poharu-handicapovanych-cyklistu-v-praze-na-strahove","status":"publish","type":"post","link":"https:\/\/www.caths.cz\/wordpress\/video-tomase-poucha-z-evropskeho-poharu-handicapovanych-cyklistu-v-praze-na-strahove\/","title":{"rendered":"Video Tom\u00e1\u0161e Poucha z Evropsk\u00e9ho poh\u00e1ru handicapovan\u00fdch cyklist\u016f v Praze na Strahov\u011b"},"content":{"rendered":"<p align=\"justify\"><em><br \/>\n&#8222;Douf\u00e1m, \u017ee na V\u00e1s d\u00fdchne b\u00e1je\u010dn\u00e1 atmosf\u00e9ra, a \u017ee si video u\u017eijete&#8230;..&#8220;<\/em><br \/>\np\u0159ipojil koment\u00e1\u0159 k tomuto videu jeho autor Tom\u00e1\u0161 Pouch.<br \/>\nAutor a po\u0159adatel\u00e9 z\u00e1vodu t\u00edmto velmi d\u011bkuj\u00ed legend\u00e1rn\u00edmu p\u00edsni\u010dk\u00e1\u0159i<br \/>\nJarom\u00edrovi Nohavicovi, kter\u00fd dal svolen\u00ed k pou\u017eit\u00ed p\u00edsn\u011b Cyklistika v<br \/>\nsest\u0159ihu ze z\u00e1vodu.<\/p>\n<p>video  <a href=\"\nhttp:\/\/www.youtube.com\/watch?v=Xi1ltxrcdSY\"><font color=\"#0066CC\"> zde<\/font><\/a><\/p>\n","protected":false},"excerpt":{"rendered":"<a href=\"https:\/\/www.caths.cz\/wordpress\/video-tomase-poucha-z-evropskeho-poharu-handicapovanych-cyklistu-v-praze-na-strahove\/\"><img loading=\"lazy\" decoding=\"async\" width=\"100\" height=\"100\" src=\"https:\/\/www.caths.cz\/wordpress\/wp-content\/plugins\/thumbnail-for-excerpts\/tfe_no_thumb.png\" class=\"alignleft wp-post-image tfe\" alt=\"\" title=\"\" \/><\/a><p>&#8222;Douf\u00e1m, \u017ee na V\u00e1s d\u00fdchne b\u00e1je\u010dn\u00e1 atmosf\u00e9ra, a \u017ee si video u\u017eijete&#8230;..&#8220; p\u0159ipojil koment\u00e1\u0159 k tomuto videu jeho autor Tom\u00e1\u0161 Pouch. Autor a po\u0159adatel\u00e9 z\u00e1vodu t\u00edmto velmi d\u011bkuj\u00ed legend\u00e1rn\u00edmu p\u00edsni\u010dk\u00e1\u0159i [&hellip;]<\/p>\n","protected":false},"author":1,"featured_media":0,"comment_status":"closed","ping_status":"closed","sticky":false,"template":"","format":"standard","meta":{"ngg_post_thumbnail":0,"footnotes":""},"categories":[40],"tags":[],"class_list":["post-1601","post","type-post","status-publish","format-standard","hentry","category-pojed-s-nami"],"_links":{"self":[{"href":"https:\/\/www.caths.cz\/wordpress\/wp-json\/wp\/v2\/posts\/1601","targetHints":{"allow":["GET"]}}],"collection":[{"href":"https:\/\/www.caths.cz\/wordpress\/wp-json\/wp\/v2\/posts"}],"about":[{"href":"https:\/\/www.caths.cz\/wordpress\/wp-json\/wp\/v2\/types\/post"}],"author":[{"embeddable":true,"href":"https:\/\/www.caths.cz\/wordpress\/wp-json\/wp\/v2\/users\/1"}],"replies":[{"embeddable":true,"href":"https:\/\/www.caths.cz\/wordpress\/wp-json\/wp\/v2\/comments?post=1601"}],"version-history":[{"count":0,"href":"https:\/\/www.caths.cz\/wordpress\/wp-json\/wp\/v2\/posts\/1601\/revisions"}],"wp:attachment":[{"href":"https:\/\/www.caths.cz\/wordpress\/wp-json\/wp\/v2\/media?parent=1601"}],"wp:term":[{"taxonomy":"category","embeddable":true,"href":"https:\/\/www.caths.cz\/wordpress\/wp-json\/wp\/v2\/categories?post=1601"},{"taxonomy":"post_tag","embeddable":true,"href":"https:\/\/www.caths.cz\/wordpress\/wp-json\/wp\/v2\/tags?post=1601"}],"curies":[{"name":"wp","href":"https:\/\/api.w.org\/{rel}","templated":true}]}}