{"id":1595,"date":"2010-09-27T18:31:10","date_gmt":"2010-09-27T17:31:10","guid":{"rendered":"http:\/\/www.caths.cz\/wordpress\/?p=1595"},"modified":"2010-09-27T18:31:10","modified_gmt":"2010-09-27T17:31:10","slug":"sledujte-reportaz-z-evropskeho-poharu-cyklistu-v-dnesnich-bbv","status":"publish","type":"post","link":"https:\/\/www.caths.cz\/wordpress\/sledujte-reportaz-z-evropskeho-poharu-cyklistu-v-dnesnich-bbv\/","title":{"rendered":"Sledujte report\u00e1\u017e z Evropsk\u00e9ho poh\u00e1ru cyklist\u016f v dne\u0161n\u00edch BBV"},"content":{"rendered":"<p align=\"justify\">Sledujte dne\u0161n\u00ed Branky body vte\u0159iny po p\u016fl osm\u00e9 na \u010cT1!<\/p>\n","protected":false},"excerpt":{"rendered":"<a href=\"https:\/\/www.caths.cz\/wordpress\/sledujte-reportaz-z-evropskeho-poharu-cyklistu-v-dnesnich-bbv\/\"><img loading=\"lazy\" decoding=\"async\" width=\"100\" height=\"100\" src=\"https:\/\/www.caths.cz\/wordpress\/wp-content\/plugins\/thumbnail-for-excerpts\/tfe_no_thumb.png\" class=\"alignleft wp-post-image tfe\" alt=\"\" title=\"\" \/><\/a><p>Sledujte dne\u0161n\u00ed Branky body vte\u0159iny po p\u016fl osm\u00e9 na \u010cT1!<\/p>\n","protected":false},"author":1,"featured_media":0,"comment_status":"closed","ping_status":"closed","sticky":false,"template":"","format":"standard","meta":{"ngg_post_thumbnail":0,"footnotes":""},"categories":[1],"tags":[],"class_list":["post-1595","post","type-post","status-publish","format-standard","hentry","category-nezarazene"],"_links":{"self":[{"href":"https:\/\/www.caths.cz\/wordpress\/wp-json\/wp\/v2\/posts\/1595","targetHints":{"allow":["GET"]}}],"collection":[{"href":"https:\/\/www.caths.cz\/wordpress\/wp-json\/wp\/v2\/posts"}],"about":[{"href":"https:\/\/www.caths.cz\/wordpress\/wp-json\/wp\/v2\/types\/post"}],"author":[{"embeddable":true,"href":"https:\/\/www.caths.cz\/wordpress\/wp-json\/wp\/v2\/users\/1"}],"replies":[{"embeddable":true,"href":"https:\/\/www.caths.cz\/wordpress\/wp-json\/wp\/v2\/comments?post=1595"}],"version-history":[{"count":0,"href":"https:\/\/www.caths.cz\/wordpress\/wp-json\/wp\/v2\/posts\/1595\/revisions"}],"wp:attachment":[{"href":"https:\/\/www.caths.cz\/wordpress\/wp-json\/wp\/v2\/media?parent=1595"}],"wp:term":[{"taxonomy":"category","embeddable":true,"href":"https:\/\/www.caths.cz\/wordpress\/wp-json\/wp\/v2\/categories?post=1595"},{"taxonomy":"post_tag","embeddable":true,"href":"https:\/\/www.caths.cz\/wordpress\/wp-json\/wp\/v2\/tags?post=1595"}],"curies":[{"name":"wp","href":"https:\/\/api.w.org\/{rel}","templated":true}]}}