{"id":1591,"date":"2010-09-23T19:43:00","date_gmt":"2010-09-23T18:43:00","guid":{"rendered":"http:\/\/www.caths.cz\/wordpress\/?p=1591"},"modified":"2010-09-23T19:43:00","modified_gmt":"2010-09-23T18:43:00","slug":"poradi-cp-handbike-pred-finalovym-zavodem-v-praze-na-strahove","status":"publish","type":"post","link":"https:\/\/www.caths.cz\/wordpress\/poradi-cp-handbike-pred-finalovym-zavodem-v-praze-na-strahove\/","title":{"rendered":"Po\u0159ad\u00ed \u010cP handbike p\u0159ed fin\u00e1lov\u00fdm z\u00e1vodem v Praze na Strahov\u011b"},"content":{"rendered":"<p align=\"justify\">\nSouboje a\u017e do posledn\u00ed chv\u00edle slibuje \u010cesk\u00fd poh\u00e1r handbike 2010. O celkov\u00fdch v\u00edt\u011bz\u00edch \u010cesk\u00e9ho poh\u00e1ru handbike rozhodne a\u017e z\u00e1v\u011bre\u010dn\u00fd, fin\u00e1lov\u00fd z\u00e1vod v Praze na Strahov\u011b, pova\u017eujte tedy tuto v\u011btu za pozv\u00e1nku na sobotn\u00ed z\u00e1vod na Strahov\u011b.\n<\/p>\n<p align=\"justify\">\u010cesk\u00fd poh\u00e1r tandem\u016f zrakov\u011b posti\u017een\u00fdch cyklist\u016f tak dramatick\u00fd nebyl. U\u017e nyn\u00ed je jasn\u00e9, \u017ee titul V\u00edt\u011bz \u010cesk\u00e9ho poh\u00e1ru 2010 z\u00edsk\u00e1v\u00e1 pos\u00e1dka Marek Moflar s pilotem Ji\u0159\u00edm Chybou t\u00fdm Rubena Birell SPECIALIZED, kte\u0159\u00ed zv\u00edt\u011bzili ve v\u0161ech z\u00e1vodech s\u00e9rie \u010cesk\u00e9ho poh\u00e1ru, ve kter\u00fdch startovali a jsou tedy i Mistry \u010cesk\u00e9 republiky v t\u00e9to discipl\u00edn\u011b. <\/p>\n<p> Aktu\u00e1ln\u00ed po\u0159ad\u00ed \u010cesk\u00e9ho poh\u00e1ru handbike: <a href=\"http:\/\/www.caths.cz\/storage\/handbike\/divise10.pdf\"><font color=\"#0066CC\"> zde<\/font><\/a><\/strong> <\/p>\n","protected":false},"excerpt":{"rendered":"<a href=\"https:\/\/www.caths.cz\/wordpress\/poradi-cp-handbike-pred-finalovym-zavodem-v-praze-na-strahove\/\"><img loading=\"lazy\" decoding=\"async\" width=\"100\" height=\"100\" src=\"https:\/\/www.caths.cz\/wordpress\/wp-content\/plugins\/thumbnail-for-excerpts\/tfe_no_thumb.png\" class=\"alignleft wp-post-image tfe\" alt=\"\" title=\"\" \/><\/a><p>Souboje a\u017e do posledn\u00ed chv\u00edle slibuje \u010cesk\u00fd poh\u00e1r handbike 2010. O celkov\u00fdch v\u00edt\u011bz\u00edch \u010cesk\u00e9ho poh\u00e1ru handbike rozhodne a\u017e z\u00e1v\u011bre\u010dn\u00fd, fin\u00e1lov\u00fd z\u00e1vod v Praze na Strahov\u011b, pova\u017eujte tedy tuto v\u011btu za [&hellip;]<\/p>\n","protected":false},"author":1,"featured_media":0,"comment_status":"closed","ping_status":"closed","sticky":false,"template":"","format":"standard","meta":{"ngg_post_thumbnail":0,"footnotes":""},"categories":[9],"tags":[],"class_list":["post-1591","post","type-post","status-publish","format-standard","hentry","category-handbike"],"_links":{"self":[{"href":"https:\/\/www.caths.cz\/wordpress\/wp-json\/wp\/v2\/posts\/1591","targetHints":{"allow":["GET"]}}],"collection":[{"href":"https:\/\/www.caths.cz\/wordpress\/wp-json\/wp\/v2\/posts"}],"about":[{"href":"https:\/\/www.caths.cz\/wordpress\/wp-json\/wp\/v2\/types\/post"}],"author":[{"embeddable":true,"href":"https:\/\/www.caths.cz\/wordpress\/wp-json\/wp\/v2\/users\/1"}],"replies":[{"embeddable":true,"href":"https:\/\/www.caths.cz\/wordpress\/wp-json\/wp\/v2\/comments?post=1591"}],"version-history":[{"count":0,"href":"https:\/\/www.caths.cz\/wordpress\/wp-json\/wp\/v2\/posts\/1591\/revisions"}],"wp:attachment":[{"href":"https:\/\/www.caths.cz\/wordpress\/wp-json\/wp\/v2\/media?parent=1591"}],"wp:term":[{"taxonomy":"category","embeddable":true,"href":"https:\/\/www.caths.cz\/wordpress\/wp-json\/wp\/v2\/categories?post=1591"},{"taxonomy":"post_tag","embeddable":true,"href":"https:\/\/www.caths.cz\/wordpress\/wp-json\/wp\/v2\/tags?post=1591"}],"curies":[{"name":"wp","href":"https:\/\/api.w.org\/{rel}","templated":true}]}}