{"id":1590,"date":"2010-09-22T17:55:31","date_gmt":"2010-09-22T16:55:31","guid":{"rendered":"http:\/\/www.caths.cz\/wordpress\/?p=1590"},"modified":"2010-09-22T17:55:31","modified_gmt":"2010-09-22T16:55:31","slug":"evropsky-pohar-handicapovanych-cyklistu-v-ceske-televizi","status":"publish","type":"post","link":"https:\/\/www.caths.cz\/wordpress\/evropsky-pohar-handicapovanych-cyklistu-v-ceske-televizi\/","title":{"rendered":"Evropsk\u00fd poh\u00e1r handicapovan\u00fdch cyklist\u016f v \u010cesk\u00e9 televizi"},"content":{"rendered":"<p align=\"justify\">\n<p>V\u0161em, kte\u0159\u00ed se chcete pod\u00edvat jak prob\u00edhaly z\u00e1vody Evropsk\u00e9ho poh\u00e1ru handicapovan\u00fdch cyklist\u016f a z\u00e1vod Praha \u2013 Karlovy Vary \u2013 Praha, sta\u010d\u00ed pouze zapnout televizi v pond\u011bl\u00ed 27.9.2010 ve 14:20 hodin.<\/p>\n<p align=\"justify\"> A pokud snad chcete b\u00fdt sou\u010d\u00e1st\u00ed z\u00e1znamu \u2013 p\u0159ij\u010fte na Strahov, poj\u010fte si u\u017e\u00edt kr\u00e1sn\u00fd den v kombinaci s vrcholn\u00fdm cyklistick\u00fdm podnikem! Upout\u00e1vku a pozv\u00e1nku na z\u00e1vod si poslech\u011bte <a href=\"http:\/\/www.caths.cz\/storage\/cyklistika\/Chrchlak1.mp3\"><font color=\"#0066CC\"> zde<\/font><\/a><\/strong> <\/p>\n","protected":false},"excerpt":{"rendered":"<a href=\"https:\/\/www.caths.cz\/wordpress\/evropsky-pohar-handicapovanych-cyklistu-v-ceske-televizi\/\"><img loading=\"lazy\" decoding=\"async\" width=\"100\" height=\"100\" src=\"https:\/\/www.caths.cz\/wordpress\/wp-content\/plugins\/thumbnail-for-excerpts\/tfe_no_thumb.png\" class=\"alignleft wp-post-image tfe\" alt=\"\" title=\"\" \/><\/a><p>V\u0161em, kte\u0159\u00ed se chcete pod\u00edvat jak prob\u00edhaly z\u00e1vody Evropsk\u00e9ho poh\u00e1ru handicapovan\u00fdch cyklist\u016f a z\u00e1vod Praha \u2013 Karlovy Vary \u2013 Praha, sta\u010d\u00ed pouze zapnout televizi v pond\u011bl\u00ed 27.9.2010 ve 14:20 hodin. [&hellip;]<\/p>\n","protected":false},"author":1,"featured_media":0,"comment_status":"closed","ping_status":"closed","sticky":false,"template":"","format":"standard","meta":{"ngg_post_thumbnail":0,"footnotes":""},"categories":[1],"tags":[],"class_list":["post-1590","post","type-post","status-publish","format-standard","hentry","category-nezarazene"],"_links":{"self":[{"href":"https:\/\/www.caths.cz\/wordpress\/wp-json\/wp\/v2\/posts\/1590","targetHints":{"allow":["GET"]}}],"collection":[{"href":"https:\/\/www.caths.cz\/wordpress\/wp-json\/wp\/v2\/posts"}],"about":[{"href":"https:\/\/www.caths.cz\/wordpress\/wp-json\/wp\/v2\/types\/post"}],"author":[{"embeddable":true,"href":"https:\/\/www.caths.cz\/wordpress\/wp-json\/wp\/v2\/users\/1"}],"replies":[{"embeddable":true,"href":"https:\/\/www.caths.cz\/wordpress\/wp-json\/wp\/v2\/comments?post=1590"}],"version-history":[{"count":0,"href":"https:\/\/www.caths.cz\/wordpress\/wp-json\/wp\/v2\/posts\/1590\/revisions"}],"wp:attachment":[{"href":"https:\/\/www.caths.cz\/wordpress\/wp-json\/wp\/v2\/media?parent=1590"}],"wp:term":[{"taxonomy":"category","embeddable":true,"href":"https:\/\/www.caths.cz\/wordpress\/wp-json\/wp\/v2\/categories?post=1590"},{"taxonomy":"post_tag","embeddable":true,"href":"https:\/\/www.caths.cz\/wordpress\/wp-json\/wp\/v2\/tags?post=1590"}],"curies":[{"name":"wp","href":"https:\/\/api.w.org\/{rel}","templated":true}]}}