{"id":1589,"date":"2010-09-21T09:39:27","date_gmt":"2010-09-21T08:39:27","guid":{"rendered":"http:\/\/www.caths.cz\/wordpress\/?p=1589"},"modified":"2010-09-21T09:39:27","modified_gmt":"2010-09-21T08:39:27","slug":"dopravni-omezeni-v-praze-v-souvislosti-s-poradanim-ep-handicapovanych-cyklistu-a-zavodu-praha-karlovy-vary-praha","status":"publish","type":"post","link":"https:\/\/www.caths.cz\/wordpress\/dopravni-omezeni-v-praze-v-souvislosti-s-poradanim-ep-handicapovanych-cyklistu-a-zavodu-praha-karlovy-vary-praha\/","title":{"rendered":"Dopravn\u00ed omezen\u00ed v Praze v souvislosti s po\u0159\u00e1d\u00e1n\u00edm EP handicapovan\u00fdch cyklist\u016f a z\u00e1vodu Praha-Karlovy Vary-Praha"},"content":{"rendered":"<p align=\"justify\">\nZ d\u016fvodu po\u0159\u00e1d\u00e1n\u00ed vrcholn\u00e9ho cyklistick\u00e9ho podniku, Evropsk\u00e9ho poh\u00e1ru handicapovan\u00fdch cyklist\u016f a silni\u010dn\u00edho z\u00e1vodu Praha-Karlovy Vary-Praha bude v sobotu 25.9. 2010 v\u00fdrazn\u011b omezena doprava v okol\u00ed cel\u00e9ho Strahova, kde je pl\u00e1nov\u00e1no n\u00e1sleduj\u00edc\u00ed omezen\u00ed v ulic\u00edch: Atletick\u00e1, Spiritka, Zd\u00edkovsk\u00e1, Lib\u00ednsk\u00e1, Pod Stadiony, Turistick\u00e1, Van\u00ed\u010dkova, Diska\u0159sk\u00e1, Z\u00e1topkova a to v dob\u011b od od 8:30hod. do 18:00 hodin.<\/p>\n<p align=\"justify\"> Z\u00e1vodn\u00edci a t\u00fdmov\u00e1 vozidla budou parkovat p\u0159\u00edmo v prostoru startu a c\u00edle v ulici Z\u00e1topkova, vjezd bude mo\u017en\u00fd pouze z ulice B\u011blohorsk\u00e1, p\u0159es ulici Van\u00ed\u010dkovou a d\u00e1le Chodeckou ulic\u00ed a\u017e na plochu mezi stadiony.<\/p>\n<p> Parkovi\u0161t\u011b pro z\u00e1vodn\u00edky je v p\u0159\u00edmo v centru z\u00e1vodn\u00edho &#8222;m\u011bste\u010dka&#8220;, kter\u00e9 na Strahov\u011b vyroste. Div\u00e1ci tak budou m\u00edt jedine\u010dnou mo\u017enost, sledovat p\u0159\u00edpravu z\u00e1vodn\u00edk\u016f k z\u00e1vodu, prohl\u00e9dnout si z\u00e1vodn\u00ed handbike a kola. Samoz\u0159ejmost\u00ed jsou bezbari\u00e9rov\u00e9 WC pro voz\u00ed\u010dk\u00e1\u0159e, p\u0159\u00edmo v parkovac\u00ed z\u00f3n\u011b z\u00e1vodn\u00edk\u016f.<\/p>\n<p> Parkovi\u0161t\u011b pro hosty z\u00e1vodu, dr\u017eitele pozv\u00e1nek VIP, bude v ulici Diska\u0159sk\u00e1, p\u0159\u00edjezd je mo\u017en\u00fd op\u011bt pouze z ulice B\u011blohorsk\u00e1 od Hotelu Pyramida.<\/p>\n<p> Pros\u00edme, respektujte pokyny po\u0159adatel\u016f a Policie \u010cR, kte\u0159\u00ed budou dopravu koordinovat.<\/p>\n<p><u> Z\u00e1v\u011brem p\u0159ipojujeme doporu\u010denou obj\u00ed\u017e\u010fku Strahova:<\/u><br \/> Sm\u011brem z Prahy 5 na Prahu 6: Podb\u011blohorsk\u00e1 &#8211; Kukulova &#8211; B\u011blohorsk\u00e1 &#8211; Pato\u010dkova <br \/> Sm\u011br z Prahy 6 na Prahu 5: Pato\u010dkova &#8211; B\u011blohorsk\u00e1 &#8211; Kukulova &#8211; Podb\u011blohorsk\u00e1 <br \/> Obousm\u011brn\u011b lze samoz\u0159ejm\u011b vyu\u017e\u00edt Strahovsk\u00fd tunel. <\/p>\n<p> <a href=\"http:\/\/www.caths.cz\/image\/k_clankum\/parkovani VIP.jpg\"><img decoding=\"async\" style=\" border-color:#666\" src=\"image\/k_clankum\/parkovani VIP_min.jpg\" border=\"1\"><\/a><\/p>\n","protected":false},"excerpt":{"rendered":"<a href=\"https:\/\/www.caths.cz\/wordpress\/dopravni-omezeni-v-praze-v-souvislosti-s-poradanim-ep-handicapovanych-cyklistu-a-zavodu-praha-karlovy-vary-praha\/\"><img loading=\"lazy\" decoding=\"async\" width=\"100\" height=\"100\" src=\"https:\/\/www.caths.cz\/wordpress\/wp-content\/plugins\/thumbnail-for-excerpts\/tfe_no_thumb.png\" class=\"alignleft wp-post-image tfe\" alt=\"\" title=\"\" \/><\/a><p>Z d\u016fvodu po\u0159\u00e1d\u00e1n\u00ed vrcholn\u00e9ho cyklistick\u00e9ho podniku, Evropsk\u00e9ho poh\u00e1ru handicapovan\u00fdch cyklist\u016f a silni\u010dn\u00edho z\u00e1vodu Praha-Karlovy Vary-Praha bude v sobotu 25.9. 2010 v\u00fdrazn\u011b omezena doprava v okol\u00ed cel\u00e9ho Strahova, kde je pl\u00e1nov\u00e1no [&hellip;]<\/p>\n","protected":false},"author":1,"featured_media":0,"comment_status":"closed","ping_status":"closed","sticky":false,"template":"","format":"standard","meta":{"ngg_post_thumbnail":0,"footnotes":""},"categories":[1],"tags":[],"class_list":["post-1589","post","type-post","status-publish","format-standard","hentry","category-nezarazene"],"_links":{"self":[{"href":"https:\/\/www.caths.cz\/wordpress\/wp-json\/wp\/v2\/posts\/1589","targetHints":{"allow":["GET"]}}],"collection":[{"href":"https:\/\/www.caths.cz\/wordpress\/wp-json\/wp\/v2\/posts"}],"about":[{"href":"https:\/\/www.caths.cz\/wordpress\/wp-json\/wp\/v2\/types\/post"}],"author":[{"embeddable":true,"href":"https:\/\/www.caths.cz\/wordpress\/wp-json\/wp\/v2\/users\/1"}],"replies":[{"embeddable":true,"href":"https:\/\/www.caths.cz\/wordpress\/wp-json\/wp\/v2\/comments?post=1589"}],"version-history":[{"count":0,"href":"https:\/\/www.caths.cz\/wordpress\/wp-json\/wp\/v2\/posts\/1589\/revisions"}],"wp:attachment":[{"href":"https:\/\/www.caths.cz\/wordpress\/wp-json\/wp\/v2\/media?parent=1589"}],"wp:term":[{"taxonomy":"category","embeddable":true,"href":"https:\/\/www.caths.cz\/wordpress\/wp-json\/wp\/v2\/categories?post=1589"},{"taxonomy":"post_tag","embeddable":true,"href":"https:\/\/www.caths.cz\/wordpress\/wp-json\/wp\/v2\/tags?post=1589"}],"curies":[{"name":"wp","href":"https:\/\/api.w.org\/{rel}","templated":true}]}}