{"id":1588,"date":"2010-09-20T17:48:07","date_gmt":"2010-09-20T16:48:07","guid":{"rendered":"http:\/\/www.caths.cz\/wordpress\/?p=1588"},"modified":"2010-09-20T17:48:07","modified_gmt":"2010-09-20T16:48:07","slug":"sarka-dolezelova-prvni-zena-ktera-se-ucastni-zavodu-horskych-kol","status":"publish","type":"post","link":"https:\/\/www.caths.cz\/wordpress\/sarka-dolezelova-prvni-zena-ktera-se-ucastni-zavodu-horskych-kol\/","title":{"rendered":"\u0160\u00e1rka Dole\u017eelov\u00e1 &#8211; prvn\u00ed \u017eena, kter\u00e1 se \u00fa\u010dastn\u00ed z\u00e1vod\u016f horsk\u00fdch kol"},"content":{"rendered":"<p align=\"justify\">\n\u0160\u00e1rka Dole\u017eelov\u00e1 se z\u00fa\u010dastnila z\u00e1vodu Cyklomaraton tour &#8211; Okolo<br \/>\nPrahy v r\u00e1mci z\u00e1vodu horsk\u00fdch kol ITchallenge. Je to prvn\u00ed \u017eena, kter\u00e1 se<br \/>\n\u00fa\u010dastn\u00ed z\u00e1vod\u016f horsk\u00fdch kol, a tak nastavuje v tomto sportu la\u0165ku nejen<br \/>\ndal\u0161\u00edm \u017een\u00e1m, ale i mu\u017e\u016fm.<\/p>\n<p>video Tom\u00e1\u0161e Poucha <a href=\" http:\/\/www.youtube.com\/watch?v=xznPoT-8rFI\"><font color=\"#0066CC\"> zde<\/font><\/a><\/p>\n","protected":false},"excerpt":{"rendered":"<a href=\"https:\/\/www.caths.cz\/wordpress\/sarka-dolezelova-prvni-zena-ktera-se-ucastni-zavodu-horskych-kol\/\"><img loading=\"lazy\" decoding=\"async\" width=\"100\" height=\"100\" src=\"https:\/\/www.caths.cz\/wordpress\/wp-content\/plugins\/thumbnail-for-excerpts\/tfe_no_thumb.png\" class=\"alignleft wp-post-image tfe\" alt=\"\" title=\"\" \/><\/a><p>\u0160\u00e1rka Dole\u017eelov\u00e1 se z\u00fa\u010dastnila z\u00e1vodu Cyklomaraton tour &#8211; Okolo Prahy v r\u00e1mci z\u00e1vodu horsk\u00fdch kol ITchallenge. Je to prvn\u00ed \u017eena, kter\u00e1 se \u00fa\u010dastn\u00ed z\u00e1vod\u016f horsk\u00fdch kol, a tak nastavuje v [&hellip;]<\/p>\n","protected":false},"author":1,"featured_media":0,"comment_status":"closed","ping_status":"closed","sticky":false,"template":"","format":"standard","meta":{"ngg_post_thumbnail":0,"footnotes":""},"categories":[40],"tags":[],"class_list":["post-1588","post","type-post","status-publish","format-standard","hentry","category-pojed-s-nami"],"_links":{"self":[{"href":"https:\/\/www.caths.cz\/wordpress\/wp-json\/wp\/v2\/posts\/1588","targetHints":{"allow":["GET"]}}],"collection":[{"href":"https:\/\/www.caths.cz\/wordpress\/wp-json\/wp\/v2\/posts"}],"about":[{"href":"https:\/\/www.caths.cz\/wordpress\/wp-json\/wp\/v2\/types\/post"}],"author":[{"embeddable":true,"href":"https:\/\/www.caths.cz\/wordpress\/wp-json\/wp\/v2\/users\/1"}],"replies":[{"embeddable":true,"href":"https:\/\/www.caths.cz\/wordpress\/wp-json\/wp\/v2\/comments?post=1588"}],"version-history":[{"count":0,"href":"https:\/\/www.caths.cz\/wordpress\/wp-json\/wp\/v2\/posts\/1588\/revisions"}],"wp:attachment":[{"href":"https:\/\/www.caths.cz\/wordpress\/wp-json\/wp\/v2\/media?parent=1588"}],"wp:term":[{"taxonomy":"category","embeddable":true,"href":"https:\/\/www.caths.cz\/wordpress\/wp-json\/wp\/v2\/categories?post=1588"},{"taxonomy":"post_tag","embeddable":true,"href":"https:\/\/www.caths.cz\/wordpress\/wp-json\/wp\/v2\/tags?post=1588"}],"curies":[{"name":"wp","href":"https:\/\/api.w.org\/{rel}","templated":true}]}}