{"id":1563,"date":"2010-09-03T09:07:48","date_gmt":"2010-09-03T08:07:48","guid":{"rendered":"http:\/\/www.caths.cz\/wordpress\/?p=1563"},"modified":"2010-09-03T09:07:48","modified_gmt":"2010-09-03T08:07:48","slug":"fotogalerie-z-ms-v-cyklistice","status":"publish","type":"post","link":"https:\/\/www.caths.cz\/wordpress\/fotogalerie-z-ms-v-cyklistice\/","title":{"rendered":"Fotogalerie z MS v cyklistice"},"content":{"rendered":"<p>Fotografie Soni Je\u017ekov\u00e9 si m\u016f\u017eete prohl\u00e9dnout<br \/>\n<a href=\"http:\/\/www.caths.cz\/index.php?page=galerie&#038;level=album&#038;id=93\"><font color=\"#0066CC\"> zde<\/font><\/a><\/p>\n","protected":false},"excerpt":{"rendered":"<a href=\"https:\/\/www.caths.cz\/wordpress\/fotogalerie-z-ms-v-cyklistice\/\"><img loading=\"lazy\" decoding=\"async\" width=\"100\" height=\"100\" src=\"https:\/\/www.caths.cz\/wordpress\/wp-content\/plugins\/thumbnail-for-excerpts\/tfe_no_thumb.png\" class=\"alignleft wp-post-image tfe\" alt=\"\" title=\"\" \/><\/a><p>Fotografie Soni Je\u017ekov\u00e9 si m\u016f\u017eete prohl\u00e9dnout zde<\/p>\n","protected":false},"author":1,"featured_media":0,"comment_status":"closed","ping_status":"closed","sticky":false,"template":"","format":"standard","meta":{"ngg_post_thumbnail":0,"footnotes":""},"categories":[36],"tags":[],"class_list":["post-1563","post","type-post","status-publish","format-standard","hentry","category-ms-v-cyklistice"],"_links":{"self":[{"href":"https:\/\/www.caths.cz\/wordpress\/wp-json\/wp\/v2\/posts\/1563","targetHints":{"allow":["GET"]}}],"collection":[{"href":"https:\/\/www.caths.cz\/wordpress\/wp-json\/wp\/v2\/posts"}],"about":[{"href":"https:\/\/www.caths.cz\/wordpress\/wp-json\/wp\/v2\/types\/post"}],"author":[{"embeddable":true,"href":"https:\/\/www.caths.cz\/wordpress\/wp-json\/wp\/v2\/users\/1"}],"replies":[{"embeddable":true,"href":"https:\/\/www.caths.cz\/wordpress\/wp-json\/wp\/v2\/comments?post=1563"}],"version-history":[{"count":0,"href":"https:\/\/www.caths.cz\/wordpress\/wp-json\/wp\/v2\/posts\/1563\/revisions"}],"wp:attachment":[{"href":"https:\/\/www.caths.cz\/wordpress\/wp-json\/wp\/v2\/media?parent=1563"}],"wp:term":[{"taxonomy":"category","embeddable":true,"href":"https:\/\/www.caths.cz\/wordpress\/wp-json\/wp\/v2\/categories?post=1563"},{"taxonomy":"post_tag","embeddable":true,"href":"https:\/\/www.caths.cz\/wordpress\/wp-json\/wp\/v2\/tags?post=1563"}],"curies":[{"name":"wp","href":"https:\/\/api.w.org\/{rel}","templated":true}]}}