{"id":1562,"date":"2010-09-03T00:40:02","date_gmt":"2010-09-02T23:40:02","guid":{"rendered":"http:\/\/www.caths.cz\/wordpress\/?p=1562"},"modified":"2010-09-03T00:40:02","modified_gmt":"2010-09-02T23:40:02","slug":"cykliste-miri-do-anglie-na-dalsi-podnik-evropskeho-poharu","status":"publish","type":"post","link":"https:\/\/www.caths.cz\/wordpress\/cykliste-miri-do-anglie-na-dalsi-podnik-evropskeho-poharu\/","title":{"rendered":"Cyklist\u00e9 m\u00ed\u0159\u00ed do Anglie na dal\u0161\u00ed podnik Evropsk\u00e9ho poh\u00e1ru"},"content":{"rendered":"<p align=\"justify\">\n<p>Bez mistra sv\u011bta Ji\u0159\u00edho Je\u017eka, kter\u00fd je v\u00e1z\u00e1n sponzorsk\u00fdmi povinnostmi a zran\u011bn\u00e9ho Tom\u00e1\u0161e Kvasni\u010dky, odj\u00ed\u017ed\u00ed dnes cyklistick\u00fd reprezenta\u010dn\u00ed t\u00fdm do Kentu, k dal\u0161\u00edmu z\u00e1vodu Evropsk\u00e9ho poh\u00e1ru.<\/p>\n<p align=\"justify\"> Z\u00e1vody jsou dotovan\u00e9 mimo\u0159\u00e1dnou finan\u010dn\u00ed pr\u00e9mi\u00ed ve v\u00fd\u0161i 15 000 Euro a z\u00fa\u010dastn\u00ed se jich cel\u00e1 \u0159ada medailist\u016f z ned\u00e1vn\u00e9ho mistrovstv\u00ed sv\u011bta v Baie Comeau. <br \/> N\u00e1s t\u011b\u0161\u00ed, \u017ee se po del\u0161\u00ed nemoci zp\u011bt k z\u00e1vod\u011bn\u00ed vrac\u00ed i handbiker Michal \u0160i\u0161ka. <\/p>\n<p> <img decoding=\"async\" src=\"\/wordpress\/image\/k_clankum\/kent2010.jpg\"><\/p>\n","protected":false},"excerpt":{"rendered":"<a href=\"https:\/\/www.caths.cz\/wordpress\/cykliste-miri-do-anglie-na-dalsi-podnik-evropskeho-poharu\/\"><img loading=\"lazy\" decoding=\"async\" width=\"100\" height=\"100\" src=\"https:\/\/www.caths.cz\/wordpress\/wp-content\/plugins\/thumbnail-for-excerpts\/tfe_no_thumb.png\" class=\"alignleft wp-post-image tfe\" alt=\"\" title=\"\" \/><\/a><p>Bez mistra sv\u011bta Ji\u0159\u00edho Je\u017eka, kter\u00fd je v\u00e1z\u00e1n sponzorsk\u00fdmi povinnostmi a zran\u011bn\u00e9ho Tom\u00e1\u0161e Kvasni\u010dky, odj\u00ed\u017ed\u00ed dnes cyklistick\u00fd reprezenta\u010dn\u00ed t\u00fdm do Kentu, k dal\u0161\u00edmu z\u00e1vodu Evropsk\u00e9ho poh\u00e1ru. Z\u00e1vody jsou dotovan\u00e9 mimo\u0159\u00e1dnou [&hellip;]<\/p>\n","protected":false},"author":1,"featured_media":0,"comment_status":"closed","ping_status":"closed","sticky":false,"template":"","format":"standard","meta":{"ngg_post_thumbnail":0,"footnotes":""},"categories":[2],"tags":[],"class_list":["post-1562","post","type-post","status-publish","format-standard","hentry","category-cyklistika"],"_links":{"self":[{"href":"https:\/\/www.caths.cz\/wordpress\/wp-json\/wp\/v2\/posts\/1562","targetHints":{"allow":["GET"]}}],"collection":[{"href":"https:\/\/www.caths.cz\/wordpress\/wp-json\/wp\/v2\/posts"}],"about":[{"href":"https:\/\/www.caths.cz\/wordpress\/wp-json\/wp\/v2\/types\/post"}],"author":[{"embeddable":true,"href":"https:\/\/www.caths.cz\/wordpress\/wp-json\/wp\/v2\/users\/1"}],"replies":[{"embeddable":true,"href":"https:\/\/www.caths.cz\/wordpress\/wp-json\/wp\/v2\/comments?post=1562"}],"version-history":[{"count":0,"href":"https:\/\/www.caths.cz\/wordpress\/wp-json\/wp\/v2\/posts\/1562\/revisions"}],"wp:attachment":[{"href":"https:\/\/www.caths.cz\/wordpress\/wp-json\/wp\/v2\/media?parent=1562"}],"wp:term":[{"taxonomy":"category","embeddable":true,"href":"https:\/\/www.caths.cz\/wordpress\/wp-json\/wp\/v2\/categories?post=1562"},{"taxonomy":"post_tag","embeddable":true,"href":"https:\/\/www.caths.cz\/wordpress\/wp-json\/wp\/v2\/tags?post=1562"}],"curies":[{"name":"wp","href":"https:\/\/api.w.org\/{rel}","templated":true}]}}