{"id":1561,"date":"2010-09-02T21:33:59","date_gmt":"2010-09-02T20:33:59","guid":{"rendered":"http:\/\/www.caths.cz\/wordpress\/?p=1561"},"modified":"2010-09-02T21:33:59","modified_gmt":"2010-09-02T20:33:59","slug":"9-kolo-ceskeho-poharu-handbike-postovni-sporitelny","status":"publish","type":"post","link":"https:\/\/www.caths.cz\/wordpress\/9-kolo-ceskeho-poharu-handbike-postovni-sporitelny\/","title":{"rendered":"9. kolo \u010cesk\u00e9ho poh\u00e1ru handbike Po\u0161tovn\u00ed spo\u0159itelny"},"content":{"rendered":"<p align=\"justify\">Z\u00e1vod se konal 21. srpna 2010 v Kop\u0159ivnici na zku\u0161ebn\u00edm Polygonu TATRY a.s. <br \/> Start byl napl\u00e1nov\u00e1n na 11. hodinu, z technick\u00fdch d\u016fvod\u016f byl o 10 minut posunut. Byl vyps\u00e1n na 10 kol, d\u00e9lka okruhu 1,6 km. Poloha trati byla ve svahu, start na m\u00edrn\u00e9 \u201erovin\u011b\u201c, pot\u00e9 800 m kles\u00e1n\u00ed a stejn\u00fdch 800 m stoup\u00e1n\u00ed. Kop\u0159ivnick\u00e1 tra\u0165 je velice n\u00e1ro\u010dn\u00e1 a jezdci, kte\u0159\u00ed tam byli, v\u011bd\u011bli, co je \u010dek\u00e1. Obt\u00ed\u017enost trati nebyla ale jedin\u00fdm d\u016fvodem, pro\u010d se na startu nese\u0161lo moc z\u00e1vodn\u00edk\u016f, d\u016fvodem bylo i UCI World Championships, Baie-Comeau (CAN), kde jsme m\u011bli na\u0161e zastoupen\u00ed (Stanislav B\u00edza). <br \/> Od za\u010d\u00e1tku a\u017e do c\u00edle si dojel pro v\u00fdhru slovensk\u00fd z\u00e1vodn\u00edk Daniel Kukla. Na druh\u00e9 pozici skon\u010dil Miroslav \u0160ulc a na t\u0159et\u00ed Tom\u00e1\u0161 Mo\u0161ni\u010dka, v\u0161ichni z\u00e1vodn\u00edci kategorie MH3. Ve slab\u0161\u00ed kategorii MH2 skon\u010dil jako prvn\u00ed Honza Tom\u00e1nek a na druh\u00e9m m\u00edst\u011b Radim Li\u0161ka. V kategorii MH1 zv\u00edt\u011bzil Lud\u011bk Benada, druh\u00fd dojel Petr Boh\u00e1\u010dek a na t\u0159et\u00edm m\u00edst\u011b skon\u010dil Ivan Dvo\u0159\u00e1k. Na \u010dtvrt\u00e9m bramborov\u00e9m m\u00edst\u011b dokon\u010dil Ji\u0159\u00ed Kuchta, kter\u00fd uzav\u0159el cel\u00e9 z\u00e1vodn\u00ed pole. <br \/> Dovolujeme se V\u00e1s pozvat na Fin\u00e1lov\u00fd z\u00e1vod a celkov\u00e9 10. kolo \u010cESK\u00c9HO POH\u00c1RU HANDBIKE PO\u0160TOVN\u00cd SPO\u0158ITELNY, kter\u00e9 se uskute\u010dn\u00ed 25. z\u00e1\u0159\u00ed 2010 v Praze na Strahov\u011b. <\/p>\n<p> T\u00fdm handbiker\u016f <\/p>\n<p> V\u00fdsledky Kop\u0159ivnice<a href=\"http:\/\/www.caths.cz\/storage\/handbike\/F971AABCd01.pdf\"><font color=\"#0066CC\"> zde<\/font><\/a><br \/> Pr\u016fb\u011b\u017en\u00e9 po\u0159ad\u00ed \u010cP<a href=\"http:\/\/www.caths.cz\/storage\/handbike\/8AB59BDEd01.pdf\"><font color=\"#0066CC\"> zde<\/font><\/a><\/p>\n","protected":false},"excerpt":{"rendered":"<a href=\"https:\/\/www.caths.cz\/wordpress\/9-kolo-ceskeho-poharu-handbike-postovni-sporitelny\/\"><img loading=\"lazy\" decoding=\"async\" width=\"100\" height=\"100\" src=\"https:\/\/www.caths.cz\/wordpress\/wp-content\/plugins\/thumbnail-for-excerpts\/tfe_no_thumb.png\" class=\"alignleft wp-post-image tfe\" alt=\"\" title=\"\" \/><\/a><p>Z\u00e1vod se konal 21. srpna 2010 v Kop\u0159ivnici na zku\u0161ebn\u00edm Polygonu TATRY a.s. Start byl napl\u00e1nov\u00e1n na 11. hodinu, z technick\u00fdch d\u016fvod\u016f byl o 10 minut posunut. Byl vyps\u00e1n na [&hellip;]<\/p>\n","protected":false},"author":1,"featured_media":0,"comment_status":"closed","ping_status":"closed","sticky":false,"template":"","format":"standard","meta":{"ngg_post_thumbnail":0,"footnotes":""},"categories":[9],"tags":[],"class_list":["post-1561","post","type-post","status-publish","format-standard","hentry","category-handbike"],"_links":{"self":[{"href":"https:\/\/www.caths.cz\/wordpress\/wp-json\/wp\/v2\/posts\/1561","targetHints":{"allow":["GET"]}}],"collection":[{"href":"https:\/\/www.caths.cz\/wordpress\/wp-json\/wp\/v2\/posts"}],"about":[{"href":"https:\/\/www.caths.cz\/wordpress\/wp-json\/wp\/v2\/types\/post"}],"author":[{"embeddable":true,"href":"https:\/\/www.caths.cz\/wordpress\/wp-json\/wp\/v2\/users\/1"}],"replies":[{"embeddable":true,"href":"https:\/\/www.caths.cz\/wordpress\/wp-json\/wp\/v2\/comments?post=1561"}],"version-history":[{"count":0,"href":"https:\/\/www.caths.cz\/wordpress\/wp-json\/wp\/v2\/posts\/1561\/revisions"}],"wp:attachment":[{"href":"https:\/\/www.caths.cz\/wordpress\/wp-json\/wp\/v2\/media?parent=1561"}],"wp:term":[{"taxonomy":"category","embeddable":true,"href":"https:\/\/www.caths.cz\/wordpress\/wp-json\/wp\/v2\/categories?post=1561"},{"taxonomy":"post_tag","embeddable":true,"href":"https:\/\/www.caths.cz\/wordpress\/wp-json\/wp\/v2\/tags?post=1561"}],"curies":[{"name":"wp","href":"https:\/\/api.w.org\/{rel}","templated":true}]}}