{"id":1558,"date":"2010-08-30T00:57:08","date_gmt":"2010-08-29T23:57:08","guid":{"rendered":"http:\/\/www.caths.cz\/wordpress\/?p=1558"},"modified":"2010-08-30T00:57:08","modified_gmt":"2010-08-29T23:57:08","slug":"v-sobehrdech-se-jel-dalsi-zavod-ligy-cyklovary-a-cp-tandemu","status":"publish","type":"post","link":"https:\/\/www.caths.cz\/wordpress\/v-sobehrdech-se-jel-dalsi-zavod-ligy-cyklovary-a-cp-tandemu\/","title":{"rendered":"V Sob\u011bhrdech se jel dal\u0161\u00ed z\u00e1vod Ligy Cyklovary a \u010cP tandem\u016f"},"content":{"rendered":"<p align=\"justify\">\nSt\u0159ediskov\u00e1 vesni\u010dka Sob\u011bhrdy hostila dal\u0161\u00ed kolo Ligy Cyklovary a z\u00e1rove\u0148 i p\u0159edposledn\u00ed kolo <\/p>\n<p>\u010cesk\u00e9ho poh\u00e1ru tandem\u016f 2010.<\/p>\n<p align=\"justify\"> P\u016fvodn\u011b se v Sob\u011bhrdech m\u011blo jet i fin\u00e1le \u010cP handbike, nicm\u00e9n\u011b pro zcela nepochopitelnou reakci veden\u00ed St\u0159edo\u010desk\u00e9ho kraje, kter\u00e9 nedovolilo omezit ani \u010d\u00e1ste\u010dn\u011b provoz na sv\u00fdch vedlej\u0161\u00edch komunikac\u00edch, byl tento z\u00e1vod z bezpe\u010dnostn\u00edch d\u016fvod\u016f p\u0159esunut do Prahy a pojede se v r\u00e1mci Evropsk\u00e9ho poh\u00e1ru 25.9. 2010.<br \/> Nutno podotknout \u017ee tato &#8222;podpora sportu&#8220; v re\u017eii St\u0159edo\u010desk\u00e9ho krajsk\u00e9ho \u00fa\u0159adu nem\u00e1 v \u010cesk\u00e9 republice a patrn\u011b ani nikde na sv\u011bt\u011b obdobu. Doposud jsme se nesetkali s tak arogantn\u00edm p\u0159\u00edpadem, kdy by n\u011bkter\u00fd kraj nevy\u0161el cyklist\u016fm, zvl\u00e1\u0161t\u011b pak handicapovan\u00fdm, vst\u0159\u00edc p\u0159i po\u0159\u00e1d\u00e1n\u00ed jak\u00e9koliv akce. \u0160koda, patrn\u011b bude cosi prohnil\u00e9ho na \u00da\u0159adu st\u0159edo\u010desk\u00e9m\u2026<br \/> Ov\u0161em i tak se z\u00e1vodu, kter\u00fd se jel za pln\u00e9ho provozu, z\u00fa\u010dastnili i n\u011bkte\u0159\u00ed na\u0161i p\u0159edn\u00ed handbike\u0159i. A \u00farove\u0148 z\u00e1vodu a p\u0159edev\u0161\u00edm atmosf\u00e9ru si velmi pochvalovali, <em>&#8222;v\u00fdborn\u00e1 div\u00e1ck\u00e1 atmosf\u00e9ra, n\u00e1ro\u010dn\u00e1 a kr\u00e1sn\u00e1 tra\u0165, \u0161koda, \u017ee se tady nejel poh\u00e1r&#8220;<\/em> shodn\u011b konstatovali v c\u00edli vicemistr republiky v kategorii H3 Tom\u00e1\u0161 Mo\u0161ni\u0161ka a Jan Tom\u00e1nek, H2. Mimochodem, oba dostali za sv\u00e9 v\u00fdkony v t\u00e9to sez\u00f3n\u011b pozv\u00e1nku do reprezenta\u010dn\u00edho t\u00fdmu a na Strahov\u011b je uvid\u00edme startovat v n\u00e1rodn\u00edch dresech, podobn\u011b jako V\u00e1clava Antala, H2 a Stanislava B\u00edzu, H3. <br \/> D\u011bkujeme t\u00edmto po\u0159adatel\u016fm, skupin\u011b \u010cesyk, kte\u0159\u00ed na\u0161e handbikery doslova obalili neproniknutelnou &#8222;zd\u00ed&#8220; doprovodn\u00fdch motocykl\u016f a vozidel a zabezpe\u010dili tak na\u0161im sportovc\u016fm bezpe\u010d\u00ed a klid pro sportovn\u00ed v\u00fdkon.<br \/> V z\u00e1vod\u011b tandem\u016f se znovu uk\u00e1zalo, \u017ee na\u0161e p\u0159edn\u00ed pos\u00e1dka Moflar &#8211; Chyba se po t\u011b\u017ek\u00e9m zran\u011bn\u00ed z \u010dervence tohoto roku rychle vrac\u00ed zp\u011bt na svou p\u016fvodn\u00ed v\u00fdkonnost. Nejenom, \u017ee s naprost\u00fdm p\u0159ehledem zv\u00edt\u011bzili v kategorii tandem\u016f, ale zv\u00edt\u011bzili i celkov\u011b v cel\u00e9m z\u00e1vod\u011b, a to s obdivuhodn\u00fdm n\u00e1skokem.<\/p>\n<p> Znovu upozor\u0148ujeme, \u017ee fin\u00e1lov\u00fd z\u00e1vod \u010cesk\u00e9ho poh\u00e1ru handbike a tandem\u016f se pojede v Praze na Strahov\u011b 25.9.2010 v r\u00e1mci Evropsk\u00e9ho poh\u00e1ru handicapovan\u00fdch cyklist\u016f. Ragistrujte se tedy co nejd\u0159\u00edve <a href=\"http:\/\/www.caths.cz\/ecp\/index.php?page=registration\"><font color=\"#0066CC\"> ZDE<\/font><\/a>. <\/p>\n<p> <img decoding=\"async\" src=\"\/wordpress\/image\/k_clankum\/zeleznydedek10\/cyklistika - zavody 2010 002.JPG\"><\/p>\n<p> <img decoding=\"async\" src=\"\/wordpress\/image\/k_clankum\/zeleznydedek10\/cyklistika - zavody 2010 004.JPG\"><\/p>\n<p> <img decoding=\"async\" src=\"\/wordpress\/image\/k_clankum\/zeleznydedek10\/cyklistika - zavody 2010 005.JPG\"><\/p>\n<p> <img decoding=\"async\" src=\"\/wordpress\/image\/k_clankum\/zeleznydedek10\/cyklistika - zavody 2010 006.JPG\"><\/p>\n<p> <img decoding=\"async\" src=\"\/wordpress\/image\/k_clankum\/zeleznydedek10\/cyklistika - zavody 2010 008.JPG\"><\/p>\n<p> <img decoding=\"async\" src=\"\/wordpress\/image\/k_clankum\/zeleznydedek10\/cyklistika - zavody 2010 009.JPG\"><\/p>\n<p> <img decoding=\"async\" src=\"\/wordpress\/image\/k_clankum\/zeleznydedek10\/cyklistika - zavody 2010 010.JPG\"><\/p>\n<p> <img decoding=\"async\" src=\"\/wordpress\/image\/k_clankum\/zeleznydedek10\/cyklistika - zavody 2010 011.JPG\"><\/p>\n<p> <img decoding=\"async\" src=\"\/wordpress\/image\/k_clankum\/zeleznydedek10\/cyklistika - zavody 2010 015.JPG\"><\/p>\n<p> <img decoding=\"async\" src=\"\/wordpress\/image\/k_clankum\/zeleznydedek10\/cyklistika - zavody 2010 016.JPG\"><\/p>\n<p> <img decoding=\"async\" src=\"\/wordpress\/image\/k_clankum\/zeleznydedek10\/cyklistika - zavody 2010 017.JPG\"><\/p>\n<p> <img decoding=\"async\" src=\"\/wordpress\/image\/k_clankum\/zeleznydedek10\/cyklistika - zavody 2010 019.JPG\"><\/p>\n<p> <img decoding=\"async\" src=\"\/wordpress\/image\/k_clankum\/zeleznydedek10\/cyklistika - zavody 2010 023.JPG\"><\/p>\n<p> <img decoding=\"async\" src=\"\/wordpress\/image\/k_clankum\/zeleznydedek10\/cyklistika - zavody 2010 025.JPG\"><\/p>\n<p> <img decoding=\"async\" src=\"\/wordpress\/image\/k_clankum\/zeleznydedek10\/cyklistika - zavody 2010 027.JPG\"><\/p>\n<p> <img decoding=\"async\" src=\"\/wordpress\/image\/k_clankum\/zeleznydedek10\/cyklistika - zavody 2010 030.JPG\"><\/p>\n<p> <img decoding=\"async\" src=\"\/wordpress\/image\/k_clankum\/zeleznydedek10\/cyklistika - zavody 2010 033.JPG\"><\/p>\n<p> <img decoding=\"async\" src=\"\/wordpress\/image\/k_clankum\/zeleznydedek10\/cyklistika - zavody 2010 035.JPG\"><\/p>\n<p> <img decoding=\"async\" src=\"\/wordpress\/image\/k_clankum\/zeleznydedek10\/cyklistika - zavody 2010 041.JPG\"><\/p>\n<p> <img decoding=\"async\" src=\"\/wordpress\/image\/k_clankum\/zeleznydedek10\/cyklistika - zavody 2010 042.JPG\"><\/p>\n<p> <img decoding=\"async\" src=\"\/wordpress\/image\/k_clankum\/zeleznydedek10\/cyklistika - zavody 2010 043.JPG\"><\/p>\n","protected":false},"excerpt":{"rendered":"<a href=\"https:\/\/www.caths.cz\/wordpress\/v-sobehrdech-se-jel-dalsi-zavod-ligy-cyklovary-a-cp-tandemu\/\"><img loading=\"lazy\" decoding=\"async\" width=\"100\" height=\"100\" src=\"https:\/\/www.caths.cz\/wordpress\/wp-content\/plugins\/thumbnail-for-excerpts\/tfe_no_thumb.png\" class=\"alignleft wp-post-image tfe\" alt=\"\" title=\"\" \/><\/a><p>St\u0159ediskov\u00e1 vesni\u010dka Sob\u011bhrdy hostila dal\u0161\u00ed kolo Ligy Cyklovary a z\u00e1rove\u0148 i p\u0159edposledn\u00ed kolo \u010cesk\u00e9ho poh\u00e1ru tandem\u016f 2010. P\u016fvodn\u011b se v Sob\u011bhrdech m\u011blo jet i fin\u00e1le \u010cP handbike, nicm\u00e9n\u011b pro zcela [&hellip;]<\/p>\n","protected":false},"author":1,"featured_media":0,"comment_status":"closed","ping_status":"closed","sticky":false,"template":"","format":"standard","meta":{"ngg_post_thumbnail":0,"footnotes":""},"categories":[40],"tags":[],"class_list":["post-1558","post","type-post","status-publish","format-standard","hentry","category-pojed-s-nami"],"_links":{"self":[{"href":"https:\/\/www.caths.cz\/wordpress\/wp-json\/wp\/v2\/posts\/1558","targetHints":{"allow":["GET"]}}],"collection":[{"href":"https:\/\/www.caths.cz\/wordpress\/wp-json\/wp\/v2\/posts"}],"about":[{"href":"https:\/\/www.caths.cz\/wordpress\/wp-json\/wp\/v2\/types\/post"}],"author":[{"embeddable":true,"href":"https:\/\/www.caths.cz\/wordpress\/wp-json\/wp\/v2\/users\/1"}],"replies":[{"embeddable":true,"href":"https:\/\/www.caths.cz\/wordpress\/wp-json\/wp\/v2\/comments?post=1558"}],"version-history":[{"count":0,"href":"https:\/\/www.caths.cz\/wordpress\/wp-json\/wp\/v2\/posts\/1558\/revisions"}],"wp:attachment":[{"href":"https:\/\/www.caths.cz\/wordpress\/wp-json\/wp\/v2\/media?parent=1558"}],"wp:term":[{"taxonomy":"category","embeddable":true,"href":"https:\/\/www.caths.cz\/wordpress\/wp-json\/wp\/v2\/categories?post=1558"},{"taxonomy":"post_tag","embeddable":true,"href":"https:\/\/www.caths.cz\/wordpress\/wp-json\/wp\/v2\/tags?post=1558"}],"curies":[{"name":"wp","href":"https:\/\/api.w.org\/{rel}","templated":true}]}}