{"id":1557,"date":"2010-08-29T23:27:59","date_gmt":"2010-08-29T22:27:59","guid":{"rendered":"http:\/\/www.caths.cz\/wordpress\/?p=1557"},"modified":"2010-08-29T23:27:59","modified_gmt":"2010-08-29T22:27:59","slug":"video-z-dalsiho-kola-cp-horskych-kol-handicapovanych-cyklistu-tentokrat-z-karlovych-varu","status":"publish","type":"post","link":"https:\/\/www.caths.cz\/wordpress\/video-z-dalsiho-kola-cp-horskych-kol-handicapovanych-cyklistu-tentokrat-z-karlovych-varu\/","title":{"rendered":"Video z dal\u0161\u00edho kola \u010cP horsk\u00fdch kol handicapovan\u00fdch cyklist\u016f, tentokr\u00e1t z Karlov\u00fdch Var\u016f"},"content":{"rendered":"<p>Video <a href=\"http:\/\/www.facebook.com\/pages\/Cerni-kone\/165842756756?v=app_2392950137#!\/vid\neo\/video.php?v=1519746306824\"><font color=\"#0066CC\"> zde<\/font><\/a><br \/>Autor: Tom\u00e1\u0161 Pouch<\/p>\n","protected":false},"excerpt":{"rendered":"<a href=\"https:\/\/www.caths.cz\/wordpress\/video-z-dalsiho-kola-cp-horskych-kol-handicapovanych-cyklistu-tentokrat-z-karlovych-varu\/\"><img loading=\"lazy\" decoding=\"async\" width=\"100\" height=\"100\" src=\"https:\/\/www.caths.cz\/wordpress\/wp-content\/plugins\/thumbnail-for-excerpts\/tfe_no_thumb.png\" class=\"alignleft wp-post-image tfe\" alt=\"\" title=\"\" \/><\/a><p>Video zdeAutor: Tom\u00e1\u0161 Pouch<\/p>\n","protected":false},"author":1,"featured_media":0,"comment_status":"closed","ping_status":"closed","sticky":false,"template":"","format":"standard","meta":{"ngg_post_thumbnail":0,"footnotes":""},"categories":[2],"tags":[],"class_list":["post-1557","post","type-post","status-publish","format-standard","hentry","category-cyklistika"],"_links":{"self":[{"href":"https:\/\/www.caths.cz\/wordpress\/wp-json\/wp\/v2\/posts\/1557","targetHints":{"allow":["GET"]}}],"collection":[{"href":"https:\/\/www.caths.cz\/wordpress\/wp-json\/wp\/v2\/posts"}],"about":[{"href":"https:\/\/www.caths.cz\/wordpress\/wp-json\/wp\/v2\/types\/post"}],"author":[{"embeddable":true,"href":"https:\/\/www.caths.cz\/wordpress\/wp-json\/wp\/v2\/users\/1"}],"replies":[{"embeddable":true,"href":"https:\/\/www.caths.cz\/wordpress\/wp-json\/wp\/v2\/comments?post=1557"}],"version-history":[{"count":0,"href":"https:\/\/www.caths.cz\/wordpress\/wp-json\/wp\/v2\/posts\/1557\/revisions"}],"wp:attachment":[{"href":"https:\/\/www.caths.cz\/wordpress\/wp-json\/wp\/v2\/media?parent=1557"}],"wp:term":[{"taxonomy":"category","embeddable":true,"href":"https:\/\/www.caths.cz\/wordpress\/wp-json\/wp\/v2\/categories?post=1557"},{"taxonomy":"post_tag","embeddable":true,"href":"https:\/\/www.caths.cz\/wordpress\/wp-json\/wp\/v2\/tags?post=1557"}],"curies":[{"name":"wp","href":"https:\/\/api.w.org\/{rel}","templated":true}]}}