{"id":1555,"date":"2010-08-28T13:24:56","date_gmt":"2010-08-28T12:24:56","guid":{"rendered":"http:\/\/www.caths.cz\/wordpress\/?p=1555"},"modified":"2010-08-28T13:24:56","modified_gmt":"2010-08-28T12:24:56","slug":"ve-zlinske-psg-arene-probehlo-soustredeni-narodniho-tymu-sledge-hokejistu","status":"publish","type":"post","link":"https:\/\/www.caths.cz\/wordpress\/ve-zlinske-psg-arene-probehlo-soustredeni-narodniho-tymu-sledge-hokejistu\/","title":{"rendered":"Ve zl\u00ednsk\u00e9 PSG Ar\u00e9n\u011b prob\u011bhlo soust\u0159ed\u011bn\u00ed n\u00e1rodn\u00edho t\u00fdmu sledge hokejist\u016f"},"content":{"rendered":"<p align=\"justify\">\nBezprost\u0159edn\u011b p\u0159ed za\u010d\u00e1tkem nov\u00e9 sledge hokejov\u00e9 sez\u00f3ny, jej\u00edm\u017e vrcholem bude evropsk\u00fd \u0161ampion\u00e1t ve \u0160v\u00e9dsku,  se n\u00e1\u0161 reprezenta\u010dn\u00ed celek se\u0161el ve Zl\u00edn\u011b, aby v r\u00e1mci p\u0159\u00edpravy n\u011bkolikr\u00e1t pom\u011b\u0159il sv\u00e9 s\u00edly se soupe\u0159em z Ruska.<\/p>\n<p align=\"justify\"> Reprezenta\u010dn\u00ed t\u00fdm dok\u00e1zal Rusy, kte\u0159\u00ed se sv\u011bdomit\u011b p\u0159ipravuj\u00ed s v\u00fdhledem k dom\u00e1c\u00ed paralympi\u00e1d\u011b v So\u010di, ve v\u0161ech t\u0159ech utk\u00e1n\u00edch porazit. Dal\u0161\u00ed dva z\u00e1pasy sehr\u00e1lo rusk\u00e9 dru\u017estvo i s dom\u00e1c\u00edm t\u00fdmem Sed\u00edc\u00edch Medv\u011bd\u016f Zl\u00edn, lo\u0148sk\u00fdm ligov\u00fdm finalistou. Ka\u017ed\u00fd z t\u00fdm\u016f si z tohoto dvojutk\u00e1n\u00ed odnesl po jednom v\u00edt\u011bzstv\u00ed. <\/p>\n<p> <HR> 18.8.2010<BR> <strong>\u010cR &#8211; RUS 1:0 (1:0 , 0:0 , 0:0)<\/strong><BR><BR> Branky: <BR> 2. Kube\u0161 (Geier) <BR><HR><BR> 19.8.2010<BR> <strong>RUS &#8211; \u010cR 0:9 (0:1 , 0:8 , 0:0)<\/strong><BR><BR> Branky:<BR> 4. \u0160afr\u00e1nek <BR> 18. H\u00e1bl <BR> 21. Raul <BR> 22. Berger <BR> 27. Fojt\u00edk <BR> 28. H\u00e1bl <BR> 29. Berger <BR> 29. Raul <BR> 30. Geier <BR><HR><BR> 21.8.2010<BR> <strong>RUS &#8211; \u010cR 0:10 (0:2 , 0:3 , 0:5)<\/strong><BR><BR> Branky:<BR> 2. Geier (Kube\u0161, Raul) <BR> 11. Fojt\u00edk (Berger) <BR> 17. Kube\u0161 (Geier) <BR> 29. Raul (Fojt\u00edk, Hrbek) <BR> 30. Raul (Pal\u00e1t) <BR> 37. Geier (H\u00e1bl) <BR> 38. Berger (Raul) <BR> 40. Berger (Fojt\u00edk)<BR> 41. Pal\u00e1t (H\u00e1bl)<BR> 43. Raul (Berger, Kvoch)<BR><HR><\/p>\n","protected":false},"excerpt":{"rendered":"<a href=\"https:\/\/www.caths.cz\/wordpress\/ve-zlinske-psg-arene-probehlo-soustredeni-narodniho-tymu-sledge-hokejistu\/\"><img loading=\"lazy\" decoding=\"async\" width=\"100\" height=\"100\" src=\"https:\/\/www.caths.cz\/wordpress\/wp-content\/plugins\/thumbnail-for-excerpts\/tfe_no_thumb.png\" class=\"alignleft wp-post-image tfe\" alt=\"\" title=\"\" \/><\/a><p>Bezprost\u0159edn\u011b p\u0159ed za\u010d\u00e1tkem nov\u00e9 sledge hokejov\u00e9 sez\u00f3ny, jej\u00edm\u017e vrcholem bude evropsk\u00fd \u0161ampion\u00e1t ve \u0160v\u00e9dsku, se n\u00e1\u0161 reprezenta\u010dn\u00ed celek se\u0161el ve Zl\u00edn\u011b, aby v r\u00e1mci p\u0159\u00edpravy n\u011bkolikr\u00e1t pom\u011b\u0159il sv\u00e9 s\u00edly se [&hellip;]<\/p>\n","protected":false},"author":1,"featured_media":0,"comment_status":"closed","ping_status":"closed","sticky":false,"template":"","format":"standard","meta":{"ngg_post_thumbnail":0,"footnotes":""},"categories":[17],"tags":[],"class_list":["post-1555","post","type-post","status-publish","format-standard","hentry","category-sledge-hokej"],"_links":{"self":[{"href":"https:\/\/www.caths.cz\/wordpress\/wp-json\/wp\/v2\/posts\/1555","targetHints":{"allow":["GET"]}}],"collection":[{"href":"https:\/\/www.caths.cz\/wordpress\/wp-json\/wp\/v2\/posts"}],"about":[{"href":"https:\/\/www.caths.cz\/wordpress\/wp-json\/wp\/v2\/types\/post"}],"author":[{"embeddable":true,"href":"https:\/\/www.caths.cz\/wordpress\/wp-json\/wp\/v2\/users\/1"}],"replies":[{"embeddable":true,"href":"https:\/\/www.caths.cz\/wordpress\/wp-json\/wp\/v2\/comments?post=1555"}],"version-history":[{"count":0,"href":"https:\/\/www.caths.cz\/wordpress\/wp-json\/wp\/v2\/posts\/1555\/revisions"}],"wp:attachment":[{"href":"https:\/\/www.caths.cz\/wordpress\/wp-json\/wp\/v2\/media?parent=1555"}],"wp:term":[{"taxonomy":"category","embeddable":true,"href":"https:\/\/www.caths.cz\/wordpress\/wp-json\/wp\/v2\/categories?post=1555"},{"taxonomy":"post_tag","embeddable":true,"href":"https:\/\/www.caths.cz\/wordpress\/wp-json\/wp\/v2\/tags?post=1555"}],"curies":[{"name":"wp","href":"https:\/\/api.w.org\/{rel}","templated":true}]}}