{"id":1554,"date":"2010-08-27T09:10:06","date_gmt":"2010-08-27T08:10:06","guid":{"rendered":"http:\/\/www.caths.cz\/wordpress\/?p=1554"},"modified":"2010-08-27T09:10:06","modified_gmt":"2010-08-27T08:10:06","slug":"v-nedeli-dalsi-kolo-ligy-cyklovary-a-ceskeho-poharu-tandemu","status":"publish","type":"post","link":"https:\/\/www.caths.cz\/wordpress\/v-nedeli-dalsi-kolo-ligy-cyklovary-a-ceskeho-poharu-tandemu\/","title":{"rendered":"V ned\u011bli dal\u0161\u00ed kolo Ligy Cyklovary a \u010cesk\u00e9ho poh\u00e1ru tandem\u016f"},"content":{"rendered":"<p align=\"justify\">\nPoje\u010fte s n\u00e1mi dal\u0161\u00ed kolo Ligy Cyklovary a \u010cesk\u00e9ho poh\u00e1ru tandem\u016f. Tentokr\u00e1t V\u00e1s zveme do Sob\u011bhrd na legend\u00e1rn\u00ed z\u00e1vod &#8222;\u017delezn\u00fd d\u011bdek&#8220;.<\/p>\n<p align=\"justify\"> Z\u00e1vodit m\u016f\u017ee opravdu ka\u017ed\u00fd, kategorie jsou vyps\u00e1ny pro v\u0161echny generace z\u00e1vodn\u00edk\u016f, tak\u017ee nese\u010fte doma, vezm\u011bte kola, celou rodinu v\u010detn\u011b prck\u016f a hur\u00e1 do Sob\u011bhrd.<br \/> Prezentovat se m\u016f\u017eete od 8 do 9:45 hodin v m\u00edstn\u00edm obdivuhodn\u00e9m za\u0159\u00edzen\u00ed, kter\u00e9 pln\u00ed z\u00e1rove\u0148 funkci bufetu, hospody, m\u00edstn\u00edho \u00fa\u0159adu a hasi\u010dsk\u00e9 stanice. Nep\u0159ehl\u00e9dnete &#8211; nic podobn\u00e9ho toti\u017e v mal\u00e9, ale sympatick\u00e9 obci nen\u00ed.<\/p>\n<p> Propozice z\u00e1vodu naleznete <a href=\"http:\/\/www.caths.cz\/storage\/cyklistika\/10zavod_finale_strahov.pdf\"><strong>ZDE<\/strong><\/a> <\/p>\n<p> <img decoding=\"async\" src=\"\/wordpress\/image\/k_clankum\/zelezny_dedek.jpg\"><\/p>\n<p>Start lo\u0148sk\u00e9ho &#8222;\u017delezn\u00e9ho d\u011bdka&#8220; (Foto: P\u00edtrs &#8211; www.cesyk.cz)<\/p>\n","protected":false},"excerpt":{"rendered":"<a href=\"https:\/\/www.caths.cz\/wordpress\/v-nedeli-dalsi-kolo-ligy-cyklovary-a-ceskeho-poharu-tandemu\/\"><img loading=\"lazy\" decoding=\"async\" width=\"100\" height=\"100\" src=\"https:\/\/www.caths.cz\/wordpress\/wp-content\/plugins\/thumbnail-for-excerpts\/tfe_no_thumb.png\" class=\"alignleft wp-post-image tfe\" alt=\"\" title=\"\" \/><\/a><p>Poje\u010fte s n\u00e1mi dal\u0161\u00ed kolo Ligy Cyklovary a \u010cesk\u00e9ho poh\u00e1ru tandem\u016f. Tentokr\u00e1t V\u00e1s zveme do Sob\u011bhrd na legend\u00e1rn\u00ed z\u00e1vod &#8222;\u017delezn\u00fd d\u011bdek&#8220;. Z\u00e1vodit m\u016f\u017ee opravdu ka\u017ed\u00fd, kategorie jsou vyps\u00e1ny pro v\u0161echny [&hellip;]<\/p>\n","protected":false},"author":1,"featured_media":0,"comment_status":"closed","ping_status":"closed","sticky":false,"template":"","format":"standard","meta":{"ngg_post_thumbnail":0,"footnotes":""},"categories":[40],"tags":[],"class_list":["post-1554","post","type-post","status-publish","format-standard","hentry","category-pojed-s-nami"],"_links":{"self":[{"href":"https:\/\/www.caths.cz\/wordpress\/wp-json\/wp\/v2\/posts\/1554","targetHints":{"allow":["GET"]}}],"collection":[{"href":"https:\/\/www.caths.cz\/wordpress\/wp-json\/wp\/v2\/posts"}],"about":[{"href":"https:\/\/www.caths.cz\/wordpress\/wp-json\/wp\/v2\/types\/post"}],"author":[{"embeddable":true,"href":"https:\/\/www.caths.cz\/wordpress\/wp-json\/wp\/v2\/users\/1"}],"replies":[{"embeddable":true,"href":"https:\/\/www.caths.cz\/wordpress\/wp-json\/wp\/v2\/comments?post=1554"}],"version-history":[{"count":0,"href":"https:\/\/www.caths.cz\/wordpress\/wp-json\/wp\/v2\/posts\/1554\/revisions"}],"wp:attachment":[{"href":"https:\/\/www.caths.cz\/wordpress\/wp-json\/wp\/v2\/media?parent=1554"}],"wp:term":[{"taxonomy":"category","embeddable":true,"href":"https:\/\/www.caths.cz\/wordpress\/wp-json\/wp\/v2\/categories?post=1554"},{"taxonomy":"post_tag","embeddable":true,"href":"https:\/\/www.caths.cz\/wordpress\/wp-json\/wp\/v2\/tags?post=1554"}],"curies":[{"name":"wp","href":"https:\/\/api.w.org\/{rel}","templated":true}]}}