{"id":1552,"date":"2010-08-26T17:12:15","date_gmt":"2010-08-26T16:12:15","guid":{"rendered":"http:\/\/www.caths.cz\/wordpress\/?p=1552"},"modified":"2010-08-26T17:12:15","modified_gmt":"2010-08-26T16:12:15","slug":"odlozene-3-kolo-kb-cp-atletu-probehne-tuto-nedeli","status":"publish","type":"post","link":"https:\/\/www.caths.cz\/wordpress\/odlozene-3-kolo-kb-cp-atletu-probehne-tuto-nedeli\/","title":{"rendered":"Odlo\u017een\u00e9 3. kolo KB \u010cP atlet\u016f prob\u011bhne tuto ned\u011bli"},"content":{"rendered":"<p align=\"justify\">\nT\u0159et\u00ed z\u00e1vod XII. ro\u010dn\u00edku \u010cesk\u00e9ho poh\u00e1ru atlet\u016f voz\u00ed\u010dk\u00e1\u0159\u016f, kter\u00fd musel b\u00fdt kv\u016fli p\u0159esunut\u00ed fotbalov\u00e9ho z\u00e1pasu do \u010dasu koliduj\u00edc\u00edho s atletick\u00fdm kl\u00e1n\u00edm odlo\u017een, se uskute\u010dn\u00ed 29.8. od 10 hodin na brn\u011bnsk\u00e9m stadionu SK L\u00ed\u0161e\u0148. <\/p>\n<p>Propozice <a href=\"http:\/\/www.caths.cz\/storage\/atletika\/cp10bm_pozvanka.pdf\"><font color=\"#0066CC\"> zde<\/font><\/a><\/p>\n<p> <img decoding=\"async\" src=\"\/wordpress\/image\/k_clankum\/lisen2010.jpg\"><\/p>\n","protected":false},"excerpt":{"rendered":"<a href=\"https:\/\/www.caths.cz\/wordpress\/odlozene-3-kolo-kb-cp-atletu-probehne-tuto-nedeli\/\"><img loading=\"lazy\" decoding=\"async\" width=\"100\" height=\"100\" src=\"https:\/\/www.caths.cz\/wordpress\/wp-content\/plugins\/thumbnail-for-excerpts\/tfe_no_thumb.png\" class=\"alignleft wp-post-image tfe\" alt=\"\" title=\"\" \/><\/a><p>T\u0159et\u00ed z\u00e1vod XII. ro\u010dn\u00edku \u010cesk\u00e9ho poh\u00e1ru atlet\u016f voz\u00ed\u010dk\u00e1\u0159\u016f, kter\u00fd musel b\u00fdt kv\u016fli p\u0159esunut\u00ed fotbalov\u00e9ho z\u00e1pasu do \u010dasu koliduj\u00edc\u00edho s atletick\u00fdm kl\u00e1n\u00edm odlo\u017een, se uskute\u010dn\u00ed 29.8. od 10 hodin na brn\u011bnsk\u00e9m [&hellip;]<\/p>\n","protected":false},"author":1,"featured_media":0,"comment_status":"closed","ping_status":"closed","sticky":false,"template":"","format":"standard","meta":{"ngg_post_thumbnail":0,"footnotes":""},"categories":[5],"tags":[],"class_list":["post-1552","post","type-post","status-publish","format-standard","hentry","category-atletika"],"_links":{"self":[{"href":"https:\/\/www.caths.cz\/wordpress\/wp-json\/wp\/v2\/posts\/1552","targetHints":{"allow":["GET"]}}],"collection":[{"href":"https:\/\/www.caths.cz\/wordpress\/wp-json\/wp\/v2\/posts"}],"about":[{"href":"https:\/\/www.caths.cz\/wordpress\/wp-json\/wp\/v2\/types\/post"}],"author":[{"embeddable":true,"href":"https:\/\/www.caths.cz\/wordpress\/wp-json\/wp\/v2\/users\/1"}],"replies":[{"embeddable":true,"href":"https:\/\/www.caths.cz\/wordpress\/wp-json\/wp\/v2\/comments?post=1552"}],"version-history":[{"count":0,"href":"https:\/\/www.caths.cz\/wordpress\/wp-json\/wp\/v2\/posts\/1552\/revisions"}],"wp:attachment":[{"href":"https:\/\/www.caths.cz\/wordpress\/wp-json\/wp\/v2\/media?parent=1552"}],"wp:term":[{"taxonomy":"category","embeddable":true,"href":"https:\/\/www.caths.cz\/wordpress\/wp-json\/wp\/v2\/categories?post=1552"},{"taxonomy":"post_tag","embeddable":true,"href":"https:\/\/www.caths.cz\/wordpress\/wp-json\/wp\/v2\/tags?post=1552"}],"curies":[{"name":"wp","href":"https:\/\/api.w.org\/{rel}","templated":true}]}}