{"id":1551,"date":"2010-08-26T08:29:35","date_gmt":"2010-08-26T07:29:35","guid":{"rendered":"http:\/\/www.caths.cz\/wordpress\/?p=1551"},"modified":"2010-08-26T08:29:35","modified_gmt":"2010-08-26T07:29:35","slug":"mistrovstvi-sveta-v-silnicni-cyklistice-2010-je-minulosti-ukazalo-celou-radu-zajimavych-poznatku-a-skutecnosti","status":"publish","type":"post","link":"https:\/\/www.caths.cz\/wordpress\/mistrovstvi-sveta-v-silnicni-cyklistice-2010-je-minulosti-ukazalo-celou-radu-zajimavych-poznatku-a-skutecnosti\/","title":{"rendered":"Mistrovstv\u00ed sv\u011bta v silni\u010dn\u00ed cyklistice 2010 je minulost\u00ed. Uk\u00e1zalo celou \u0159adu zaj\u00edmav\u00fdch poznatk\u016f a skute\u010dnost\u00ed"},"content":{"rendered":"<p align=\"justify\">\nKanada se stala po\u0159adatelem mistrovstv\u00ed sv\u011bta doslova &#8222;za 5 minut 12&#8220;, kdy\u017e narychlo p\u0159evzala po\u0159adatelstv\u00ed od Columbie, kter\u00e1 dva roky dop\u0159edu pl\u00e1novan\u00fd podnik zru\u0161ila letos na ja\u0159e z finan\u010dn\u00edch d\u016fvod\u016f. Navzdory velmi kr\u00e1tk\u00e9 dob\u011b na p\u0159\u00edpravu takov\u00e9to ob\u0159\u00ed akce se v\u0161ak kanad\u0161t\u00ed po\u0159adatel\u00e9, podpo\u0159eni des\u00edtkami dobrovoln\u00edk\u016f, zhostili sv\u00e9ho posl\u00e1n\u00ed v\u00edce ne\u017e se ct\u00ed.\n<\/p>\n<p align=\"justify\"><img decoding=\"async\" src=\"\/wordpress\/image\/k_clankum\/baie11.jpg\" ALIGN=\"right\" HSPACE=5 VSPACE=5> Stovky div\u00e1k\u016f na trati, bou\u0159liv\u00e1 atmosf\u00e9ra na okruhu, jakou zn\u00e1me ze sv\u011btov\u00fdch cyklistick\u00fdch podnik\u016f, velmi n\u00e1ro\u010dn\u00e1 a atraktivn\u00ed tra\u0165, perfektn\u011b funguj\u00edc\u00ed organizace z\u00e1vodu podle standardu UCI a p\u0159edev\u0161\u00edm mimo\u0159\u00e1dn\u00e9 sportovn\u00ed v\u00fdkony na sam\u00e9 hranici lidsk\u00fdch mo\u017enost\u00ed, tak to je sou\u010dasn\u00e1 cyklistika handicapovan\u00fdch. Medaile z\u00edskan\u00e1 na sv\u011btov\u00e9 cyklistick\u00e9 sout\u011b\u017ei m\u00e1 v dne\u0161n\u00ed, zcela zprofesionalizovan\u00e9 dob\u011b a po slou\u010den\u00ed kategori\u00ed, nesm\u00edrnou cenu a je velmi obt\u00ed\u017en\u00e9 na ni dos\u00e1hnout.<br \/> T\u00edm sp\u00ed\u0161e m\u016f\u017eeme b\u00fdt py\u0161n\u00ed na sv\u011btovou cyklistickou celebritu, Ji\u0159\u00edho Je\u017eka. P\u011bt zlat\u00fdch medail\u00ed z paralympi\u00e1dy, p\u011bt titul\u016f mistra sv\u011bta a dr\u017eitelstv\u00ed sv\u011btov\u00e9ho rekordu\u2026 Pr\u00e1ce, kterou odv\u00e1d\u00ed pro propagaci \u010cesk\u00e9 republiky a propagaci sportu handicapovan\u00fdch v zahrani\u010d\u00ed, je jen t\u011b\u017eko doceniteln\u00e1. <br \/> Obdiv zaslou\u017e\u00ed i Michal Stark. Bronzov\u00e1 medaile z Baie Comeau je celkov\u011b p\u00e1tou medail\u00ed, kterou si tento cyklista odv\u00e1\u017e\u00ed za svou bohatou kari\u00e9ru z mistrovstv\u00ed sv\u011bta a p\u00e1t\u00e9 m\u00edsto, kter\u00e9 vybojoval n\u00e1sledn\u011b v silni\u010dn\u00edm z\u00e1vod\u011b, jen Michalovu v\u00fdkonnost potvrzuje.<br \/> Je pot\u011b\u0161iteln\u00e9, \u017ee n\u00e1s nezklamali ani na\u0161i mlad\u00ed reprezentanti. P\u00e1t\u00e9 m\u00edsto, kter\u00e9 doslova vyd\u0159el Tom\u00e1\u0161 Kvasni\u010dka, je velik\u00fdm p\u0159ekvapen\u00edm pro v\u0161echny, kte\u0159\u00ed letos vid\u011bli Tom\u00e1\u0161e z\u00e1vodit. Velmi pomalu se vracel po v\u00fdrazn\u00e9m tr\u00e9ninkov\u00e9m v\u00fdpadku zp\u011bt do velk\u00e9 cyklistiky. Jeho v\u00fdkony v\u016fbec nebyly p\u0159esv\u011bd\u010div\u00e9, nicm\u00e9n\u011b se poda\u0159ilo vykulminovat Tom\u00e1\u0161ovu formu t\u00e9m\u011b\u0159 ide\u00e1ln\u00edm zp\u016fsobem a n\u00e1\u0161 nad\u011bjn\u00fd mlad\u00ed\u010dek uk\u00e1zal cel\u00e9mu cyklistick\u00e9mu sv\u011btu, \u017ee s n\u00edm mus\u00ed po\u010d\u00edtat.<br \/> Nad\u011bjn\u00e1 je tak\u00e9 v\u00fdkonnost Terezy Diepoldov\u00e9. B\u00fdval\u00e1 plavkyn\u011b, \u00fa\u010dastnice paralympi\u00e1dy v At\u00e9n\u00e1ch i Pekingu, na kole jezd\u00ed teprve od leto\u0161n\u00edho jara, ale jej\u00ed v\u00fdkon, p\u0159edev\u0161\u00edm v \u010dasovce, d\u00e1v\u00e1 nad\u011bji, \u017ee z t\u00e9to sympatick\u00e9, mladi\u010dk\u00e9 d\u00edvky bude cyklistka, schopn\u00e1 atakovat p\u0159\u00ed\u010dky nejvy\u0161\u0161\u00ed.<br \/> <img decoding=\"async\" src=\"\/wordpress\/image\/k_clankum\/baie10.jpg\" ALIGN=\"right\" HSPACE=5 VSPACE=5> Pon\u011bkud za o\u010dek\u00e1v\u00e1n\u00edm z\u016fstal tentokr\u00e1t Radim Pavl\u00edk, i kdy\u017e toto tvrzen\u00ed je velmi relativn\u00ed pro velmi silnou a po\u010detnou kategorii C5. Od p\u00e1t\u00e9ho m\u00edsta Radima d\u011blily pouh\u00e9 centimetry a lep\u0161\u00ed pozice v z\u00e1v\u011bre\u010dn\u00e9m spurtu a i on je p\u0159\u00edslibem pro budoucnost na\u0161eho cyklistick\u00e9ho reprezenta\u010dn\u00edho t\u00fdmu.<br \/> Tandemist\u00e9 Marek Moflar s pilotem Ji\u0159\u00edm Chybou je\u0161t\u011b p\u0159ed t\u0159emi t\u00fddny v motolsk\u00e9 nemocnici \u0159e\u0161ili n\u00e1sledky velmi v\u00e1\u017en\u00e9ho p\u00e1du, spojen\u00e9ho se zlomeninou \u010d\u00e1sti stehenn\u00ed kosti Ji\u0159\u00edho Chyby. 19. m\u00edsto z ned\u011bln\u00edho silni\u010dn\u00edho z\u00e1vodu je tedy, vzhledem k okolnostem, jejich sou\u010dasn\u00e9 maximum a ur\u010dit\u011b nekoresponduje s v\u00fdkonnost\u00ed, kterou n\u00e1\u0161 tandem m\u011bl koncem jara, kdy zv\u00edt\u011bzil v Evropsk\u00e9m poh\u00e1ru v Elzachu. Mimochodem, n\u011bmeck\u00fd t\u00fdm, kter\u00fd na\u0161i pr\u00e1v\u011b v Elzachu porazili skon\u010dil na \u0161est\u00e9m m\u00edst\u011b\u2026<br \/> Pro handbikera Stanislava B\u00edzu, kter\u00fd jel na MS na &#8222;divokou kartu&#8220; reprezenta\u010dn\u00edho tren\u00e9ra, znamenal z\u00e1vod p\u0159edev\u0161\u00edm z\u00edsk\u00e1n\u00ed zku\u0161enost\u00ed a je jen na Standovi, jak s t\u011bmito poznatky nalo\u017e\u00ed. V\u011b\u0159me v\u0161ak, \u017ee mo\u017enost porovnat se s kompletn\u00ed sv\u011btovou \u0161pi\u010dkou handbike bude pro Standu motivem pro dal\u0161\u00ed tvrdou pr\u00e1ci. <br \/> Mistrovstv\u00ed sv\u011bta je pro tento rok tedy minulost\u00ed, nicm\u00e9n\u011b cyklistick\u00fd program pokra\u010duje d\u00e1l, ji\u017e v ned\u011bli se cyklist\u00e9 sejdou na dal\u0161\u00ed Lize Cyklovary a \u010cesk\u00e9m poh\u00e1ru tandem\u016f v Sob\u011bhrdech, pot\u00e9 odj\u00ed\u017ed\u00ed reprezenta\u010dn\u00ed v\u00fdb\u011br do Anglie na dal\u0161\u00ed podnik Evropsk\u00e9ho poh\u00e1ru a pak se ji\u017e m\u016f\u017eeme t\u011b\u0161it, a\u017e evropskou cyklistickou elitu p\u0159iv\u00edt\u00e1me v Praze na z\u00e1vodech Evropsk\u00e9ho poh\u00e1ru na Strahov\u011b. V \u0159\u00edjnu pak cyklisty \u010dek\u00e1 dr\u00e1hov\u00fd Evropsk\u00fd poh\u00e1r v N\u011bmecku. <\/p>\n","protected":false},"excerpt":{"rendered":"<a href=\"https:\/\/www.caths.cz\/wordpress\/mistrovstvi-sveta-v-silnicni-cyklistice-2010-je-minulosti-ukazalo-celou-radu-zajimavych-poznatku-a-skutecnosti\/\"><img loading=\"lazy\" decoding=\"async\" width=\"100\" height=\"100\" src=\"https:\/\/www.caths.cz\/wordpress\/wp-content\/plugins\/thumbnail-for-excerpts\/tfe_no_thumb.png\" class=\"alignleft wp-post-image tfe\" alt=\"\" title=\"\" \/><\/a><p>Kanada se stala po\u0159adatelem mistrovstv\u00ed sv\u011bta doslova &#8222;za 5 minut 12&#8220;, kdy\u017e narychlo p\u0159evzala po\u0159adatelstv\u00ed od Columbie, kter\u00e1 dva roky dop\u0159edu pl\u00e1novan\u00fd podnik zru\u0161ila letos na ja\u0159e z finan\u010dn\u00edch d\u016fvod\u016f. [&hellip;]<\/p>\n","protected":false},"author":1,"featured_media":0,"comment_status":"closed","ping_status":"closed","sticky":false,"template":"","format":"standard","meta":{"ngg_post_thumbnail":0,"footnotes":""},"categories":[36],"tags":[],"class_list":["post-1551","post","type-post","status-publish","format-standard","hentry","category-ms-v-cyklistice"],"_links":{"self":[{"href":"https:\/\/www.caths.cz\/wordpress\/wp-json\/wp\/v2\/posts\/1551","targetHints":{"allow":["GET"]}}],"collection":[{"href":"https:\/\/www.caths.cz\/wordpress\/wp-json\/wp\/v2\/posts"}],"about":[{"href":"https:\/\/www.caths.cz\/wordpress\/wp-json\/wp\/v2\/types\/post"}],"author":[{"embeddable":true,"href":"https:\/\/www.caths.cz\/wordpress\/wp-json\/wp\/v2\/users\/1"}],"replies":[{"embeddable":true,"href":"https:\/\/www.caths.cz\/wordpress\/wp-json\/wp\/v2\/comments?post=1551"}],"version-history":[{"count":0,"href":"https:\/\/www.caths.cz\/wordpress\/wp-json\/wp\/v2\/posts\/1551\/revisions"}],"wp:attachment":[{"href":"https:\/\/www.caths.cz\/wordpress\/wp-json\/wp\/v2\/media?parent=1551"}],"wp:term":[{"taxonomy":"category","embeddable":true,"href":"https:\/\/www.caths.cz\/wordpress\/wp-json\/wp\/v2\/categories?post=1551"},{"taxonomy":"post_tag","embeddable":true,"href":"https:\/\/www.caths.cz\/wordpress\/wp-json\/wp\/v2\/tags?post=1551"}],"curies":[{"name":"wp","href":"https:\/\/api.w.org\/{rel}","templated":true}]}}