{"id":1513,"date":"2010-08-10T15:35:28","date_gmt":"2010-08-10T14:35:28","guid":{"rendered":"http:\/\/www.caths.cz\/wordpress\/?p=1513"},"modified":"2010-08-10T15:35:28","modified_gmt":"2010-08-10T14:35:28","slug":"7-kolo-ceskeho-poharu-handbike-782010-nove-mesto-nad-metuji","status":"publish","type":"post","link":"https:\/\/www.caths.cz\/wordpress\/7-kolo-ceskeho-poharu-handbike-782010-nove-mesto-nad-metuji\/","title":{"rendered":"7. kolo \u010cesk\u00e9ho Poh\u00e1ru Handbike &#8211; 7.8.2010 &#8211; Nov\u00e9 M\u011bsto nad Metuj\u00ed"},"content":{"rendered":"<p align=\"justify\"> Start prob\u011bhl v 11 hodin. T\u0159icet minut p\u0159ed startem zchladil na\u017ehaven\u00e9 z\u00e1vodn\u00edky srpnov\u00fd de\u0161t\u00edk a cel\u00fd z\u00e1vod se jel za zamra\u010den\u00e9ho po\u010das\u00ed.<br \/>Start se p\u0159ekvapiv\u011b poda\u0159il Du\u0161anovi Pet\u0159valsk\u00e9mu, kter\u00fd roztrhal z\u00e1vodn\u00ed pole hned p\u0159i prvn\u00edch 400 m. Na rychl\u00fd start dovedl zareagovat pouze Peter \u0160elinga a Stanislav B\u00edza. Tito t\u0159i z\u00e1vodn\u00edci si b\u011bhem prvn\u00edch t\u0159\u00ed kol spole\u010dn\u011b vypracovali dostate\u010dn\u00fd n\u00e1skok. Ve \u010dtvrt\u00e9m kole se odtrhl Stanislav B\u00edza a Petr \u0160elinga, kte\u0159\u00ed spolupracovali a\u017e do p\u0159edposledn\u00edho 12. kola, kdy se Standa rozhodl zv\u00fd\u0161it n\u00e1skok p\u0159i stoup\u00e1n\u00ed p\u0159ed stadionem. To se mu poda\u0159ilo a dojel na prvn\u00edm m\u00edst\u011b s \u010dasem 33:12 a ujel 13 kol. <br \/>Vytvo\u0159il si tak n\u00e1skok 48 sekund p\u0159ed druh\u00fdm Peterem \u0160elingou 34:00. Na t\u0159et\u00edm m\u00edst\u011b dojel Zbyn\u011bk \u0160vehla 34:33. <br \/>\u010ctvrt\u00fd dojel Miroslav \u0160ulc 35:35. Na p\u00e1t\u00e9m m\u00edst\u011b dojel smola\u0159 Du\u0161an Pet\u0159valsk\u00fd s defektem zadn\u00edho kola, se kter\u00fdm jel t\u0159i kola p\u0159ed c\u00edlem. \u0160est\u00fd skon\u010dil Radek Fabi\u00e1n s \u010dasem 33:42 a 12-ti koly. Na sedm\u00e9m m\u00edst\u011b skon\u010dil nejv\u011bt\u0161\u00ed smola\u0159 dne\u0161n\u00edho z\u00e1vodu, Tom\u00e1\u0161 Mo\u0161ni\u010dka, kter\u00fd v prvn\u00edm kole po v\u00fdjezdu ze stadionu nevybral prvn\u00ed zat\u00e1\u010dku, skon\u010dil v obrubn\u00edku, rozbil p\u0159edn\u00ed kolo handbiku a z\u00e1vod pro n\u011bj skon\u010dil. To byla nejrychlej\u0161\u00ed kategorie MH3. <\/p>\n<p> V kategorii MH2 dojel jako prvn\u00ed Honza Tom\u00e1nek 34:34 s 12-ti koly. Druh\u00fd V\u00e1clav Antal 34:40. Na t\u0159et\u00edm m\u00edst\u011b skon\u010dil Petr Hrabica 33:18. D\u00e1le pak Radim Li\u0161ka a Jaroslav Jadlovsk\u00fd, kter\u00fd m\u011bl defekt p\u0159edn\u00edho kola, nicm\u00e9n\u011b bojovn\u011b z\u00e1vod dokon\u010dil.<\/p>\n<p> V kategorii MH1 vyhr\u00e1l Pavel Folt\u00fdn (TERMIK) 35:51 s 10-ti koly. Na druh\u00e9 m\u00edst\u011b skon\u010dil Lud\u011bk Benada 36:13 s 9-ti koly. T\u0159et\u00ed skon\u010dil Petr Boh\u00e1\u010dek 34:21 se 7-mi koly. Na \u010dtvrt\u00e9m bramborov\u00e9m m\u00edst\u011b skon\u010dil Ivan Dvo\u0159\u00e1k a p\u00e1t\u00fd Jirka Kuchta.<\/p>\n<p> V kategorii \u017een WH skon\u010dila jako prvn\u00ed jedin\u00e1 z\u00e1stupkyn\u011b \u017eensk\u00e9 kategorie Ani\u010dka Oroszov\u00e1 s \u010dasem 34:47 a 11-ti koly. <\/p>\n<p> Dovolte, abychom V\u00e1s v\u0161echny pozvali na 8. kolo \u010cP, kter\u00e9 se bude konat v Brn\u011b na BVV, kde bude \u010dekat na z\u00e1vodn\u00edky p\u016flmarat\u00f3n.<\/p>\n<p> T\u00fdm handbiker\u016f <\/p>\n<p> <a href=\"http:\/\/www.caths.cz\/storage\/handbike\/nmnm_vysledky_2010.pdf\"><font color=\"#0066CC\">v\u00fdsledky 7. kola<\/font><\/a><br \/> <a href=\"http:\/\/www.caths.cz\/storage\/handbike\/divize10_prub.pdf\"><font color=\"#0066CC\">pr\u016fb\u011b\u017en\u00e9 po\u0159ad\u00ed \u010cPH<\/font><\/a><\/p>\n<p> <a href=\"http:\/\/dusan.rajce.idnes.cz\/7.8.2010_CPH_Nove_Mesto_nad_Metuji\/\"><font color=\"#0066CC\">fotogalerie zde<\/font><\/a><\/p>\n","protected":false},"excerpt":{"rendered":"<a href=\"https:\/\/www.caths.cz\/wordpress\/7-kolo-ceskeho-poharu-handbike-782010-nove-mesto-nad-metuji\/\"><img loading=\"lazy\" decoding=\"async\" width=\"100\" height=\"100\" src=\"https:\/\/www.caths.cz\/wordpress\/wp-content\/plugins\/thumbnail-for-excerpts\/tfe_no_thumb.png\" class=\"alignleft wp-post-image tfe\" alt=\"\" title=\"\" \/><\/a><p>Start prob\u011bhl v 11 hodin. T\u0159icet minut p\u0159ed startem zchladil na\u017ehaven\u00e9 z\u00e1vodn\u00edky srpnov\u00fd de\u0161t\u00edk a cel\u00fd z\u00e1vod se jel za zamra\u010den\u00e9ho po\u010das\u00ed.Start se p\u0159ekvapiv\u011b poda\u0159il Du\u0161anovi Pet\u0159valsk\u00e9mu, kter\u00fd roztrhal z\u00e1vodn\u00ed [&hellip;]<\/p>\n","protected":false},"author":1,"featured_media":0,"comment_status":"closed","ping_status":"closed","sticky":false,"template":"","format":"standard","meta":{"ngg_post_thumbnail":0,"footnotes":""},"categories":[9],"tags":[],"class_list":["post-1513","post","type-post","status-publish","format-standard","hentry","category-handbike"],"_links":{"self":[{"href":"https:\/\/www.caths.cz\/wordpress\/wp-json\/wp\/v2\/posts\/1513","targetHints":{"allow":["GET"]}}],"collection":[{"href":"https:\/\/www.caths.cz\/wordpress\/wp-json\/wp\/v2\/posts"}],"about":[{"href":"https:\/\/www.caths.cz\/wordpress\/wp-json\/wp\/v2\/types\/post"}],"author":[{"embeddable":true,"href":"https:\/\/www.caths.cz\/wordpress\/wp-json\/wp\/v2\/users\/1"}],"replies":[{"embeddable":true,"href":"https:\/\/www.caths.cz\/wordpress\/wp-json\/wp\/v2\/comments?post=1513"}],"version-history":[{"count":0,"href":"https:\/\/www.caths.cz\/wordpress\/wp-json\/wp\/v2\/posts\/1513\/revisions"}],"wp:attachment":[{"href":"https:\/\/www.caths.cz\/wordpress\/wp-json\/wp\/v2\/media?parent=1513"}],"wp:term":[{"taxonomy":"category","embeddable":true,"href":"https:\/\/www.caths.cz\/wordpress\/wp-json\/wp\/v2\/categories?post=1513"},{"taxonomy":"post_tag","embeddable":true,"href":"https:\/\/www.caths.cz\/wordpress\/wp-json\/wp\/v2\/tags?post=1513"}],"curies":[{"name":"wp","href":"https:\/\/api.w.org\/{rel}","templated":true}]}}