{"id":1511,"date":"2010-08-09T17:22:41","date_gmt":"2010-08-09T16:22:41","guid":{"rendered":"http:\/\/www.caths.cz\/wordpress\/?p=1511"},"modified":"2010-08-09T17:22:41","modified_gmt":"2010-08-09T16:22:41","slug":"v-sobotu-148-se-v-liberci-uskutecni-prvni-mistrovstvi-cr-horskych-kol-pro-handicapovane-cyklisty","status":"publish","type":"post","link":"https:\/\/www.caths.cz\/wordpress\/v-sobotu-148-se-v-liberci-uskutecni-prvni-mistrovstvi-cr-horskych-kol-pro-handicapovane-cyklisty\/","title":{"rendered":"V sobotu 14.8. se v Liberci uskute\u010dn\u00ed prvn\u00ed mistrovstv\u00ed \u010cR horsk\u00fdch kol pro handicapovan\u00e9 cyklisty"},"content":{"rendered":"<p align=\"justify\">\nSportovn\u00ed are\u00e1l Vesec u Liberce, kde se po\u0159\u00e1dalo mistrovstv\u00ed sv\u011bta v klasick\u00e9m ly\u017eov\u00e1n\u00ed, bude v sobotu 14.8. d\u011bji\u0161t\u011bm dal\u0161\u00edho cyklistick\u00e9ho podniku pro nej\u0161ir\u0161\u00ed ve\u0159ejnost, z\u00e1vodu Kolo pro \u017eivot, kter\u00fd je z\u00e1rove\u0148 i prvn\u00edm ofici\u00e1ln\u00edm mistrovstv\u00edm \u010cesk\u00e9 republiky horsk\u00fdch kol pro cyklisty s handicapem.<\/p>\n<p align=\"justify\"> Z\u00e1vod odstartuje ve 12:00 hodin, ve\u0161ker\u00e9 informace o z\u00e1vod\u011b najdete v propozic\u00edch <a href=\"http:\/\/www.kolopro.cz\/zav\/jestedtour\"><font color=\"#0066CC\"> ZDE<\/font><\/a>. <\/p>\n<p> Na m\u00edst\u011b z\u00e1vodu najdete st\u00e1nek t\u00fdmu \u010cern\u00ed kon\u011b, jeho\u017e \u010dlenov\u00e9, zku\u0161en\u00ed bike\u0159i, v\u00e1m pomohou s jak\u00fdmkoliv probl\u00e9mem.<br \/> P\u0159ihl\u00e1\u0161ky pos\u00edlejte do p\u00e1tku 13.8.2010 na caths@caths.cz nebo p\u0159\u00edmo na m\u00edst\u011b kontaktujte v ji\u017e zm\u00edn\u011bn\u00e9m st\u00e1nku \u010cern\u00fdch kon\u00ed Tom\u00e1\u0161e Poucha, kter\u00fd V\u00e1m s p\u0159ihl\u00e1\u0161en\u00edm pom\u016f\u017ee.<\/p>\n<p> Horsk\u00e1 para\u2013cyklistika v organizovan\u00e9 podob\u011b vznikla v \u010cesk\u00e9 republice p\u0159edev\u0161\u00edm d\u00edky \u00fasil\u00ed t\u00fdmu \u010cern\u00fdch kon\u00ed, veden\u00fdch nad\u0161en\u00fdm bikerem Tom\u00e1\u0161em Pouchem. Horsk\u00e1 kola maj\u00ed i sv\u00e9 specialisty, nap\u0159. b\u00fdval\u00e9ho cyklistick\u00e9ho reprezentanta Petra Kocmana, kter\u00fd je velk\u00fdm favoritem z\u00e1vodu a adeptem na mistrovsk\u00fd trikot.<br \/> Ov\u0161em zdatn\u00fdmi soupe\u0159i mu jist\u011b budou i dal\u0161\u00ed favorit\u00e9 z\u00e1vodu \u2013 Radek Dut\u00fd, Mirek Dongres, \u010di p\u00e1t\u00fd mu\u017e silni\u010dn\u00edho mistrovstv\u00ed sv\u011bta, vynikaj\u00edc\u00ed Ji\u0159\u00ed Kalousek, kter\u00fd ovl\u00e1d\u00e1 bike stejn\u011b bravurn\u011b, jako sv\u00e9 silni\u010dn\u00ed kolo.<\/p>\n<p> Na cel\u00fdm seri\u00e1lem \u010cP horsk\u00fdch kol p\u0159evzal patron\u00e1t sv\u011b\u0159enec tren\u00e9ra Viktora Zapletala, \u00fa\u0159aduj\u00edc\u00ed mistr Evropy a t\u0159et\u00ed mu\u017e aktu\u00e1ln\u00edch sv\u011btov\u00fdch tabulek UCI, biker Jaroslav Kulhav\u00fd.<\/p>\n<p> Nen\u00ed d\u016fle\u017eit\u00e9 vyhr\u00e1t, d\u016fle\u017eit\u00e9 bude, abyste p\u0159ijeli a zasportovali si. Z\u00e1vod je koncipov\u00e1n pro nej\u0161ir\u0161\u00ed ve\u0159ejnost, trat\u011b nejsou technicky p\u0159\u00edli\u0161 n\u00e1ro\u010dn\u00e9, zvl\u00e1dnout by je m\u011bli v\u0161ichni, tak\u017ee nese\u010fte doma, tam nic neza\u017eijete &#8211; p\u0159ij\u010fte si zajezdit na bike, otestujte sv\u00e9 vlastn\u00ed s\u00edly! <\/p>\n<p> <img decoding=\"async\" src=\"\/wordpress\/image\/k_clankum\/hanbikeMTB.JPG\"><\/p>\n","protected":false},"excerpt":{"rendered":"<a href=\"https:\/\/www.caths.cz\/wordpress\/v-sobotu-148-se-v-liberci-uskutecni-prvni-mistrovstvi-cr-horskych-kol-pro-handicapovane-cyklisty\/\"><img loading=\"lazy\" decoding=\"async\" width=\"100\" height=\"100\" src=\"https:\/\/www.caths.cz\/wordpress\/wp-content\/plugins\/thumbnail-for-excerpts\/tfe_no_thumb.png\" class=\"alignleft wp-post-image tfe\" alt=\"\" title=\"\" \/><\/a><p>Sportovn\u00ed are\u00e1l Vesec u Liberce, kde se po\u0159\u00e1dalo mistrovstv\u00ed sv\u011bta v klasick\u00e9m ly\u017eov\u00e1n\u00ed, bude v sobotu 14.8. d\u011bji\u0161t\u011bm dal\u0161\u00edho cyklistick\u00e9ho podniku pro nej\u0161ir\u0161\u00ed ve\u0159ejnost, z\u00e1vodu Kolo pro \u017eivot, kter\u00fd je [&hellip;]<\/p>\n","protected":false},"author":1,"featured_media":0,"comment_status":"closed","ping_status":"closed","sticky":false,"template":"","format":"standard","meta":{"ngg_post_thumbnail":0,"footnotes":""},"categories":[40],"tags":[],"class_list":["post-1511","post","type-post","status-publish","format-standard","hentry","category-pojed-s-nami"],"_links":{"self":[{"href":"https:\/\/www.caths.cz\/wordpress\/wp-json\/wp\/v2\/posts\/1511","targetHints":{"allow":["GET"]}}],"collection":[{"href":"https:\/\/www.caths.cz\/wordpress\/wp-json\/wp\/v2\/posts"}],"about":[{"href":"https:\/\/www.caths.cz\/wordpress\/wp-json\/wp\/v2\/types\/post"}],"author":[{"embeddable":true,"href":"https:\/\/www.caths.cz\/wordpress\/wp-json\/wp\/v2\/users\/1"}],"replies":[{"embeddable":true,"href":"https:\/\/www.caths.cz\/wordpress\/wp-json\/wp\/v2\/comments?post=1511"}],"version-history":[{"count":0,"href":"https:\/\/www.caths.cz\/wordpress\/wp-json\/wp\/v2\/posts\/1511\/revisions"}],"wp:attachment":[{"href":"https:\/\/www.caths.cz\/wordpress\/wp-json\/wp\/v2\/media?parent=1511"}],"wp:term":[{"taxonomy":"category","embeddable":true,"href":"https:\/\/www.caths.cz\/wordpress\/wp-json\/wp\/v2\/categories?post=1511"},{"taxonomy":"post_tag","embeddable":true,"href":"https:\/\/www.caths.cz\/wordpress\/wp-json\/wp\/v2\/tags?post=1511"}],"curies":[{"name":"wp","href":"https:\/\/api.w.org\/{rel}","templated":true}]}}