{"id":1508,"date":"2010-08-06T04:47:01","date_gmt":"2010-08-06T03:47:01","guid":{"rendered":"http:\/\/www.caths.cz\/wordpress\/?p=1508"},"modified":"2010-08-06T04:47:01","modified_gmt":"2010-08-06T03:47:01","slug":"nase-lukostrelecka-reprezentace-odjizdi-na-me","status":"publish","type":"post","link":"https:\/\/www.caths.cz\/wordpress\/nase-lukostrelecka-reprezentace-odjizdi-na-me\/","title":{"rendered":"Na\u0161e lukost\u0159eleck\u00e1 reprezentace odj\u00ed\u017ed\u00ed na ME"},"content":{"rendered":"<p align=\"justify\"> T\u00fdm odj\u00ed\u017ed\u00ed v sobotu 7.8. ve\u010der a vrac\u00ed se zp\u011bt do \u010cesk\u00e9 republiky 15.8. Hlavn\u00ed sout\u011b\u017e za\u010d\u00edn\u00e1 11.8. sout\u011b\u017e\u00ed dru\u017estev, 13. a 14.8. pak prob\u011bhnou sout\u011b\u017ee jednotlivc\u016f.<br \/> N\u00e1\u0161 t\u00fdm p\u016fsob\u00ed velmi skromn\u011b. Reprezenta\u010dn\u00ed tren\u00e9r Proch\u00e1zka na ot\u00e1zku, jak\u00e9 tipuje um\u00edst\u011bn\u00ed na\u0161ich st\u0159elc\u016f, odpov\u011bd\u011bl diplomaticky, \u017ee ka\u017ed\u00e9 dobr\u00e9 um\u00edst\u011bn\u00ed bude p\u0159ekvapen\u00edm.<br \/> O v\u00fdsledc\u00edch na\u0161ich lukost\u0159elc\u016f v\u00e1s budeme pr\u016fb\u011b\u017en\u011b informovat. <\/p>\n<p> <img decoding=\"async\" src=\"\/wordpress\/image\/k_clankum\/terc.jpg\"><\/p>\n","protected":false},"excerpt":{"rendered":"<a href=\"https:\/\/www.caths.cz\/wordpress\/nase-lukostrelecka-reprezentace-odjizdi-na-me\/\"><img loading=\"lazy\" decoding=\"async\" width=\"100\" height=\"100\" src=\"https:\/\/www.caths.cz\/wordpress\/wp-content\/plugins\/thumbnail-for-excerpts\/tfe_no_thumb.png\" class=\"alignleft wp-post-image tfe\" alt=\"\" title=\"\" \/><\/a><p>T\u00fdm odj\u00ed\u017ed\u00ed v sobotu 7.8. ve\u010der a vrac\u00ed se zp\u011bt do \u010cesk\u00e9 republiky 15.8. Hlavn\u00ed sout\u011b\u017e za\u010d\u00edn\u00e1 11.8. sout\u011b\u017e\u00ed dru\u017estev, 13. a 14.8. pak prob\u011bhnou sout\u011b\u017ee jednotlivc\u016f. N\u00e1\u0161 t\u00fdm p\u016fsob\u00ed [&hellip;]<\/p>\n","protected":false},"author":1,"featured_media":0,"comment_status":"closed","ping_status":"closed","sticky":false,"template":"","format":"standard","meta":{"ngg_post_thumbnail":0,"footnotes":""},"categories":[13],"tags":[],"class_list":["post-1508","post","type-post","status-publish","format-standard","hentry","category-lukostrelba"],"_links":{"self":[{"href":"https:\/\/www.caths.cz\/wordpress\/wp-json\/wp\/v2\/posts\/1508","targetHints":{"allow":["GET"]}}],"collection":[{"href":"https:\/\/www.caths.cz\/wordpress\/wp-json\/wp\/v2\/posts"}],"about":[{"href":"https:\/\/www.caths.cz\/wordpress\/wp-json\/wp\/v2\/types\/post"}],"author":[{"embeddable":true,"href":"https:\/\/www.caths.cz\/wordpress\/wp-json\/wp\/v2\/users\/1"}],"replies":[{"embeddable":true,"href":"https:\/\/www.caths.cz\/wordpress\/wp-json\/wp\/v2\/comments?post=1508"}],"version-history":[{"count":0,"href":"https:\/\/www.caths.cz\/wordpress\/wp-json\/wp\/v2\/posts\/1508\/revisions"}],"wp:attachment":[{"href":"https:\/\/www.caths.cz\/wordpress\/wp-json\/wp\/v2\/media?parent=1508"}],"wp:term":[{"taxonomy":"category","embeddable":true,"href":"https:\/\/www.caths.cz\/wordpress\/wp-json\/wp\/v2\/categories?post=1508"},{"taxonomy":"post_tag","embeddable":true,"href":"https:\/\/www.caths.cz\/wordpress\/wp-json\/wp\/v2\/tags?post=1508"}],"curies":[{"name":"wp","href":"https:\/\/api.w.org\/{rel}","templated":true}]}}