{"id":1507,"date":"2010-08-05T04:43:53","date_gmt":"2010-08-05T03:43:53","guid":{"rendered":"http:\/\/www.caths.cz\/wordpress\/?p=1507"},"modified":"2010-08-05T04:43:53","modified_gmt":"2010-08-05T03:43:53","slug":"ceka-nas-mesic-vrcholnych-sportovnich-akci","status":"publish","type":"post","link":"https:\/\/www.caths.cz\/wordpress\/ceka-nas-mesic-vrcholnych-sportovnich-akci\/","title":{"rendered":"\u010cek\u00e1 n\u00e1s m\u011bs\u00edc vrcholn\u00fdch sportovn\u00edch akc\u00ed"},"content":{"rendered":"<p>M\u011bs\u00edcem vrcholn\u00fdch sportovn\u00edch akc\u00ed bychom mohli nazvat srpen 2010.<\/p>\n<p align=\"justify\"> <strong> St\u0159elba<\/strong><\/p>\n<p> 7. \u2013 8.8. se sejdou sportovn\u00ed st\u0159elci na st\u0159elnici v Olomouci ke sv\u00e9mu mistrovstv\u00ed republiky. Doufejme, \u017ee tentokr\u00e1t budou v\u00fdkony na\u0161ich nejlep\u0161\u00edch p\u0159esv\u011bd\u010div\u011bj\u0161\u00ed, ne\u017e na ned\u00e1vn\u00e9m MS v Z\u00e1h\u0159ebu\u2026<\/p>\n<p> <strong> Lukost\u0159elba<\/strong><\/p>\n<p> Na\u0161e lukost\u0159eleck\u00e1 reprezentace ve slo\u017een\u00ed: Mirka \u010cern\u00e1, Lenka Kuncov\u00e1, Ji\u0159\u00ed Klich, Jaroslav Zelenka a Petr Barto\u0161, odcestuje do francouzsk\u00e9ho Vichy na mistrovstv\u00ed Evropy. Forma na\u0161\u00ed lukost\u0159eleck\u00e9 reprezentace je v t\u00e9to sez\u00f3n\u011b pon\u011bkud z\u00e1hadou, nicm\u00e9n\u011b kvalitn\u00ed v\u00fdkony bychom mohli o\u010dek\u00e1vat p\u0159edev\u0161\u00edm v sout\u011b\u017ei dru\u017estev, kter\u00e1 je dlouhodob\u011b na\u0161\u00ed silnou discipl\u00ednou.<\/p>\n<p> <strong>Horsk\u00e1 kola<\/strong><\/p>\n<p> Historicky prvn\u00ed Mistrovstv\u00ed \u010cR handicapovan\u00fdch cyklist\u016f na horsk\u00fdch kolech p\u0159iv\u00edt\u00e1 14.8. Liberec. Akce je ur\u010dena pro nej\u0161ir\u0161\u00ed ve\u0159ejnost a na startu se p\u0159edstav\u00ed i kategorie MTB handbike. <\/p>\n<p> <strong> Plav\u00e1n\u00ed<\/strong><\/p>\n<p> Plaveck\u00e1 reprezentace zam\u00ed\u0159\u00ed do holansk\u00e9ho Eidhovenu, kter\u00fd bude d\u011bji\u0161t\u011bm mistrovstv\u00ed sv\u011bta v plav\u00e1n\u00ed.<br \/> Siln\u00fd t\u00fdm se bude spol\u00e9hat p\u0159edev\u0161\u00edm na v\u00fdkony B\u011bly Hlav\u00e1\u010dkov\u00e9 a Arno\u0161ta Petr\u00e1\u010dka. Ale ambice na v\u00fdborn\u00fd v\u00fdsledek maj\u00ed i ostatn\u00ed \u010dlenov\u00e9 t\u00fdmu. Nechme se p\u0159ekvapit.<\/p>\n<p> <strong> Cyklistika<\/strong><\/p>\n<p> Cyklist\u00e9 si za svou vrcholnou akc\u00ed mus\u00ed odlet\u011bt a\u017e do kanadsk\u00e9ho Baie Comeau. Nav\u00e1\u017e\u00ed na\u0161i reprezentanti na \u00fasp\u011bchy z let minul\u00fdch a p\u0159ivezou dom\u016f presti\u017en\u00ed duhov\u00fd dres mistra sv\u011bta? <\/p>\n<p> <strong> Jachting<\/strong><\/p>\n<p> Na Lipn\u011b si ve dnech 27 \u2013 30.8. daj\u00ed sraz na\u0161i jachta\u0159i, aby spole\u010dn\u011b svedli souboj o titul dom\u00e1c\u00edho \u0161ampiona. <\/p>\n<p> Ze v\u0161ech t\u011bchto v\u00fdznamn\u00fdch akc\u00ed v\u00e1m p\u0159ineseme textov\u00e9 i obrazov\u00e9 zpravodajstv\u00ed.<br \/> Fand\u011bme a dr\u017eme spole\u010dn\u011b palce na\u0161im sportovc\u016fm!<br \/> Sledujte sportovn\u00ed zpravodajstv\u00ed z vrcholn\u00fdch sportovn\u00edch podnik\u016f na webu \u010cATHS!<\/p>\n","protected":false},"excerpt":{"rendered":"<a href=\"https:\/\/www.caths.cz\/wordpress\/ceka-nas-mesic-vrcholnych-sportovnich-akci\/\"><img loading=\"lazy\" decoding=\"async\" width=\"100\" height=\"100\" src=\"https:\/\/www.caths.cz\/wordpress\/wp-content\/plugins\/thumbnail-for-excerpts\/tfe_no_thumb.png\" class=\"alignleft wp-post-image tfe\" alt=\"\" title=\"\" \/><\/a><p>M\u011bs\u00edcem vrcholn\u00fdch sportovn\u00edch akc\u00ed bychom mohli nazvat srpen 2010. St\u0159elba 7. \u2013 8.8. se sejdou sportovn\u00ed st\u0159elci na st\u0159elnici v Olomouci ke sv\u00e9mu mistrovstv\u00ed republiky. Doufejme, \u017ee tentokr\u00e1t budou v\u00fdkony [&hellip;]<\/p>\n","protected":false},"author":1,"featured_media":0,"comment_status":"closed","ping_status":"closed","sticky":false,"template":"","format":"standard","meta":{"ngg_post_thumbnail":0,"footnotes":""},"categories":[6],"tags":[],"class_list":["post-1507","post","type-post","status-publish","format-standard","hentry","category-caths-info"],"_links":{"self":[{"href":"https:\/\/www.caths.cz\/wordpress\/wp-json\/wp\/v2\/posts\/1507","targetHints":{"allow":["GET"]}}],"collection":[{"href":"https:\/\/www.caths.cz\/wordpress\/wp-json\/wp\/v2\/posts"}],"about":[{"href":"https:\/\/www.caths.cz\/wordpress\/wp-json\/wp\/v2\/types\/post"}],"author":[{"embeddable":true,"href":"https:\/\/www.caths.cz\/wordpress\/wp-json\/wp\/v2\/users\/1"}],"replies":[{"embeddable":true,"href":"https:\/\/www.caths.cz\/wordpress\/wp-json\/wp\/v2\/comments?post=1507"}],"version-history":[{"count":0,"href":"https:\/\/www.caths.cz\/wordpress\/wp-json\/wp\/v2\/posts\/1507\/revisions"}],"wp:attachment":[{"href":"https:\/\/www.caths.cz\/wordpress\/wp-json\/wp\/v2\/media?parent=1507"}],"wp:term":[{"taxonomy":"category","embeddable":true,"href":"https:\/\/www.caths.cz\/wordpress\/wp-json\/wp\/v2\/categories?post=1507"},{"taxonomy":"post_tag","embeddable":true,"href":"https:\/\/www.caths.cz\/wordpress\/wp-json\/wp\/v2\/tags?post=1507"}],"curies":[{"name":"wp","href":"https:\/\/api.w.org\/{rel}","templated":true}]}}