{"id":1506,"date":"2010-08-04T04:43:26","date_gmt":"2010-08-04T03:43:26","guid":{"rendered":"http:\/\/www.caths.cz\/wordpress\/?p=1506"},"modified":"2010-08-04T04:43:26","modified_gmt":"2010-08-04T03:43:26","slug":"projedte-si-trat-silnicniho-mistrovstvi-sveta-v-cyklistice","status":"publish","type":"post","link":"https:\/\/www.caths.cz\/wordpress\/projedte-si-trat-silnicniho-mistrovstvi-sveta-v-cyklistice\/","title":{"rendered":"Proje\u010fte si tra\u0165 silni\u010dn\u00edho mistrovstv\u00ed sv\u011bta v cyklistice!"},"content":{"rendered":"<p align=\"justify\">\nChcete v\u011bd\u011bt jak vypad\u00e1 tra\u0165 silni\u010dn\u00edho mistrovstv\u00ed sv\u011bta v kanadsk\u00e9m Baie Comeau? <\/p>\n<p align=\"justify\"> Pod\u00edvejte se na n\u00e1sleduj\u00edc\u00ed video: <a href=\"http:\/\/www.championnatsdumondebaiecomeau.com\/index.php?\/Videos\/video-parcours.html\"><font color=\"#0066CC\">zde<\/font><\/a><\/p>\n<p> O koment\u00e1\u0159 jsme po\u017e\u00e1dali reprezenta\u010dn\u00edho tren\u00e9ra Viktora Zapletala:<em> \u201e Bez diskus\u00ed jedna z nejt\u011b\u017e\u0161\u00edch trat\u00ed, na kter\u00fdch se kdy MS jelo. Prudk\u00e9 v\u00fdjezdy ale nemus\u00ed rozhodnout z\u00e1vod, bude z\u00e1le\u017eet i na sjezdech, jsou velmi dlouh\u00e9 a pak na rovin\u011b pod\u00e9l mo\u0159e, kde v\u011bt\u0161inou hodn\u011b fouk\u00e1. V kopci se d\u00e1 ujet, ale proti v\u011btru jste bez pomoci pelotonu bezmocn\u00ed. Mysl\u00edm si, \u017ee se peloton roztrh\u00e1 na mal\u00e9 skupinky v kopc\u00edch. Skupinka pak bude spolupracovat a\u017e do c\u00edle, kde rozhodne z\u00e1v\u011bre\u010dn\u00fd fini\u0161. Profil trati by m\u011bl vyhovovat Jirkovi Je\u017ekovi,je v\u00fdborn\u00fd v kopc\u00edch. Dob\u0159e by se tam m\u011bl c\u00edtit i Michal Stark, ov\u0161em bude z\u00e1le\u017eet, jak\u00fd z\u00e1vod pojede jeho kategorie C2, to je v\u017edy velk\u00e1 loterie, pln\u00e1 emoc\u00ed, bez mo\u017enosti cokoliv p\u0159edv\u00eddat. P\u0159ekvapit m\u016f\u017ee Standa B\u00edza &#8211; i jemu kopce vyhovuj\u00ed. U ostatn\u00edch bude rozhoduj\u00edc\u00ed, jestli udr\u017e\u00ed tempo a na vrcholu kopce pojedou se skupinou. Kdy\u017e se to poda\u0159\u00ed, pak m\u00e1 \u0161anci v z\u00e1v\u011bre\u010dn\u00e9m spurtu Tom\u00e1\u0161 Kvasni\u010dka, tandem, ale i Radim Pavl\u00edk. Pokud jde o holky, tak si mysl\u00edm, \u017ee si to rozdaj\u00ed na f\u00e9rovku v tom dlouh\u00e9m v\u00fdjezdu u pob\u0159e\u017e\u00ed, kde se z\u00e1vod rozhodne. Kopce i sjezdy Terka jezd\u00ed velmi dob\u0159e, tak uvid\u00edme\u2026\u201c<\/em> <\/p>\n","protected":false},"excerpt":{"rendered":"<a href=\"https:\/\/www.caths.cz\/wordpress\/projedte-si-trat-silnicniho-mistrovstvi-sveta-v-cyklistice\/\"><img loading=\"lazy\" decoding=\"async\" width=\"100\" height=\"100\" src=\"https:\/\/www.caths.cz\/wordpress\/wp-content\/plugins\/thumbnail-for-excerpts\/tfe_no_thumb.png\" class=\"alignleft wp-post-image tfe\" alt=\"\" title=\"\" \/><\/a><p>Chcete v\u011bd\u011bt jak vypad\u00e1 tra\u0165 silni\u010dn\u00edho mistrovstv\u00ed sv\u011bta v kanadsk\u00e9m Baie Comeau? Pod\u00edvejte se na n\u00e1sleduj\u00edc\u00ed video: zde O koment\u00e1\u0159 jsme po\u017e\u00e1dali reprezenta\u010dn\u00edho tren\u00e9ra Viktora Zapletala: \u201e Bez diskus\u00ed jedna [&hellip;]<\/p>\n","protected":false},"author":1,"featured_media":0,"comment_status":"closed","ping_status":"closed","sticky":false,"template":"","format":"standard","meta":{"ngg_post_thumbnail":0,"footnotes":""},"categories":[36],"tags":[],"class_list":["post-1506","post","type-post","status-publish","format-standard","hentry","category-ms-v-cyklistice"],"_links":{"self":[{"href":"https:\/\/www.caths.cz\/wordpress\/wp-json\/wp\/v2\/posts\/1506","targetHints":{"allow":["GET"]}}],"collection":[{"href":"https:\/\/www.caths.cz\/wordpress\/wp-json\/wp\/v2\/posts"}],"about":[{"href":"https:\/\/www.caths.cz\/wordpress\/wp-json\/wp\/v2\/types\/post"}],"author":[{"embeddable":true,"href":"https:\/\/www.caths.cz\/wordpress\/wp-json\/wp\/v2\/users\/1"}],"replies":[{"embeddable":true,"href":"https:\/\/www.caths.cz\/wordpress\/wp-json\/wp\/v2\/comments?post=1506"}],"version-history":[{"count":0,"href":"https:\/\/www.caths.cz\/wordpress\/wp-json\/wp\/v2\/posts\/1506\/revisions"}],"wp:attachment":[{"href":"https:\/\/www.caths.cz\/wordpress\/wp-json\/wp\/v2\/media?parent=1506"}],"wp:term":[{"taxonomy":"category","embeddable":true,"href":"https:\/\/www.caths.cz\/wordpress\/wp-json\/wp\/v2\/categories?post=1506"},{"taxonomy":"post_tag","embeddable":true,"href":"https:\/\/www.caths.cz\/wordpress\/wp-json\/wp\/v2\/tags?post=1506"}],"curies":[{"name":"wp","href":"https:\/\/api.w.org\/{rel}","templated":true}]}}