{"id":1504,"date":"2010-08-02T21:07:21","date_gmt":"2010-08-02T20:07:21","guid":{"rendered":"http:\/\/www.caths.cz\/wordpress\/?p=1504"},"modified":"2010-08-02T21:07:21","modified_gmt":"2010-08-02T20:07:21","slug":"fotogalerie-z-ep-cyklistu-v-terchove-2010","status":"publish","type":"post","link":"https:\/\/www.caths.cz\/wordpress\/fotogalerie-z-ep-cyklistu-v-terchove-2010\/","title":{"rendered":"Fotogalerie z EP cyklist\u016f v Terchov\u00e9 2010.."},"content":{"rendered":"<p>Z d\u016fvodu zanepr\u00e1zdn\u011bnosti spr\u00e1vcov\u00e9 nezvykle &#8222;u\u017e&#8220; po dvou t\u00fddnech \ud83d\ude42 Fotogalerie  <a href=\"http:\/\/www.caths.cz\/index.php?page=galerie&#038;level=album&#038;id=90\"><font color=\"#0066CC\">ZDE <\/font><\/a><\/p>\n","protected":false},"excerpt":{"rendered":"<a href=\"https:\/\/www.caths.cz\/wordpress\/fotogalerie-z-ep-cyklistu-v-terchove-2010\/\"><img loading=\"lazy\" decoding=\"async\" width=\"100\" height=\"100\" src=\"https:\/\/www.caths.cz\/wordpress\/wp-content\/plugins\/thumbnail-for-excerpts\/tfe_no_thumb.png\" class=\"alignleft wp-post-image tfe\" alt=\"\" title=\"\" \/><\/a><p>Z d\u016fvodu zanepr\u00e1zdn\u011bnosti spr\u00e1vcov\u00e9 nezvykle &#8222;u\u017e&#8220; po dvou t\u00fddnech \ud83d\ude42 Fotogalerie ZDE<\/p>\n","protected":false},"author":1,"featured_media":0,"comment_status":"closed","ping_status":"closed","sticky":false,"template":"","format":"standard","meta":{"ngg_post_thumbnail":0,"footnotes":""},"categories":[8],"tags":[],"class_list":["post-1504","post","type-post","status-publish","format-standard","hentry","category-fotoreporty"],"_links":{"self":[{"href":"https:\/\/www.caths.cz\/wordpress\/wp-json\/wp\/v2\/posts\/1504","targetHints":{"allow":["GET"]}}],"collection":[{"href":"https:\/\/www.caths.cz\/wordpress\/wp-json\/wp\/v2\/posts"}],"about":[{"href":"https:\/\/www.caths.cz\/wordpress\/wp-json\/wp\/v2\/types\/post"}],"author":[{"embeddable":true,"href":"https:\/\/www.caths.cz\/wordpress\/wp-json\/wp\/v2\/users\/1"}],"replies":[{"embeddable":true,"href":"https:\/\/www.caths.cz\/wordpress\/wp-json\/wp\/v2\/comments?post=1504"}],"version-history":[{"count":0,"href":"https:\/\/www.caths.cz\/wordpress\/wp-json\/wp\/v2\/posts\/1504\/revisions"}],"wp:attachment":[{"href":"https:\/\/www.caths.cz\/wordpress\/wp-json\/wp\/v2\/media?parent=1504"}],"wp:term":[{"taxonomy":"category","embeddable":true,"href":"https:\/\/www.caths.cz\/wordpress\/wp-json\/wp\/v2\/categories?post=1504"},{"taxonomy":"post_tag","embeddable":true,"href":"https:\/\/www.caths.cz\/wordpress\/wp-json\/wp\/v2\/tags?post=1504"}],"curies":[{"name":"wp","href":"https:\/\/api.w.org\/{rel}","templated":true}]}}