{"id":1473,"date":"2010-07-02T10:58:24","date_gmt":"2010-07-02T09:58:24","guid":{"rendered":"http:\/\/www.caths.cz\/wordpress\/?p=1473"},"modified":"2010-07-02T10:58:24","modified_gmt":"2010-07-02T09:58:24","slug":"3-vyprava-na-kance","status":"publish","type":"post","link":"https:\/\/www.caths.cz\/wordpress\/3-vyprava-na-kance\/","title":{"rendered":"3. v\u00fdprava na kance"},"content":{"rendered":"<p align=\"justify\">Kanec je se\u017er\u00e1n&#8230;.. Tak takto by m\u011bla zn\u00edt stru\u010dn\u00e1 zpr\u00e1va o \u00fasp\u011b\u0161n\u00e9 v\u00fdprav\u011b na kance, kter\u00e1 se konala v sobotu 26.\u010dervna. V\u00fdpravy \u00fa\u010dastnilo v\u00edce ne\u017e 60 b\u00e1je\u010dn\u00fdch lidi\u010dek, a v\u0161ichni \u00fasp\u011b\u0161n\u011b dos\u00e1hli c\u00edle. Pr\u016fb\u011bh v\u00fdpravy jsme pro V\u00e1s zaznamenali na kameru, a odkaz na sest\u0159ih je hned pod reportem.<\/p>\n<p align=\"justify\">Z\u00e1v\u011bre\u010dn\u00e9 d\u00edky pat\u0159\u00ed dobrovoln\u00fdm hasi\u010d\u016fm z Nov\u00fdch Jiren, Alen\u011b Jan\u010d\u00edkov\u00e9 a v\u0161em, kte\u0159\u00ed p\u0159ijeli z Centra Paraple, obsluze restaurace H\u00e1jenka a U l\u00edpy. Ale hlavn\u011b d\u011bkuji V\u00e1m v\u0161em, co jste vzali kola a jeli s n\u00e1mi. D\u011bkuji V\u00e1m za skv\u011blou atmosf\u00e9ru, jste skv\u011bl\u00ed&#8230;.. <\/p>\n<p>Tom\u00e1\u0161 Pouch <br \/>p\u0159edseda <br \/> \u010cERN\u00cd KON\u011a o.s. <\/p>\n<p> Video <a href=\" http:\/\/www.youtube.com\/watch?v=AgMrTTFRrt8\"><font color=\"#0066CC\"> zde<\/font><\/a><\/p>\n","protected":false},"excerpt":{"rendered":"<a href=\"https:\/\/www.caths.cz\/wordpress\/3-vyprava-na-kance\/\"><img loading=\"lazy\" decoding=\"async\" width=\"100\" height=\"100\" src=\"https:\/\/www.caths.cz\/wordpress\/wp-content\/plugins\/thumbnail-for-excerpts\/tfe_no_thumb.png\" class=\"alignleft wp-post-image tfe\" alt=\"\" title=\"\" \/><\/a><p>Kanec je se\u017er\u00e1n&#8230;.. Tak takto by m\u011bla zn\u00edt stru\u010dn\u00e1 zpr\u00e1va o \u00fasp\u011b\u0161n\u00e9 v\u00fdprav\u011b na kance, kter\u00e1 se konala v sobotu 26.\u010dervna. V\u00fdpravy \u00fa\u010dastnilo v\u00edce ne\u017e 60 b\u00e1je\u010dn\u00fdch lidi\u010dek, a v\u0161ichni [&hellip;]<\/p>\n","protected":false},"author":1,"featured_media":0,"comment_status":"closed","ping_status":"closed","sticky":false,"template":"","format":"standard","meta":{"ngg_post_thumbnail":0,"footnotes":""},"categories":[40],"tags":[],"class_list":["post-1473","post","type-post","status-publish","format-standard","hentry","category-pojed-s-nami"],"_links":{"self":[{"href":"https:\/\/www.caths.cz\/wordpress\/wp-json\/wp\/v2\/posts\/1473","targetHints":{"allow":["GET"]}}],"collection":[{"href":"https:\/\/www.caths.cz\/wordpress\/wp-json\/wp\/v2\/posts"}],"about":[{"href":"https:\/\/www.caths.cz\/wordpress\/wp-json\/wp\/v2\/types\/post"}],"author":[{"embeddable":true,"href":"https:\/\/www.caths.cz\/wordpress\/wp-json\/wp\/v2\/users\/1"}],"replies":[{"embeddable":true,"href":"https:\/\/www.caths.cz\/wordpress\/wp-json\/wp\/v2\/comments?post=1473"}],"version-history":[{"count":0,"href":"https:\/\/www.caths.cz\/wordpress\/wp-json\/wp\/v2\/posts\/1473\/revisions"}],"wp:attachment":[{"href":"https:\/\/www.caths.cz\/wordpress\/wp-json\/wp\/v2\/media?parent=1473"}],"wp:term":[{"taxonomy":"category","embeddable":true,"href":"https:\/\/www.caths.cz\/wordpress\/wp-json\/wp\/v2\/categories?post=1473"},{"taxonomy":"post_tag","embeddable":true,"href":"https:\/\/www.caths.cz\/wordpress\/wp-json\/wp\/v2\/tags?post=1473"}],"curies":[{"name":"wp","href":"https:\/\/api.w.org\/{rel}","templated":true}]}}