{"id":1454,"date":"2010-06-14T23:39:29","date_gmt":"2010-06-14T22:39:29","guid":{"rendered":"http:\/\/www.caths.cz\/wordpress\/?p=1454"},"modified":"2010-06-14T23:39:29","modified_gmt":"2010-06-14T22:39:29","slug":"atleti-bojovali-v-nemecku-o-limity-na-ms","status":"publish","type":"post","link":"https:\/\/www.caths.cz\/wordpress\/atleti-bojovali-v-nemecku-o-limity-na-ms\/","title":{"rendered":"Atleti bojovali v N\u011bmecku o limity na MS"},"content":{"rendered":"<p align=\"justify\">\nDruh\u00fdm z\u00e1vodem, na kter\u00e9m se daly plnit kvalifika\u010dn\u00ed limity pro MS, bylo atletick\u00e9 Mezin\u00e1rodn\u00ed mistrovstv\u00ed N\u011bmecka v Bottropu, kam se vydala i skupinka \u010desk\u00fdch atlet\u016f voz\u00ed\u010dk\u00e1\u0159\u016f \u2013 Eva Kacanu, Milan Bl\u00e1ha, Ale\u0161 Kis\u00fd, Ros\u0165a Pohlmann a Jaroslav Petrou\u0161. Kv\u016fli zdravotn\u00edm probl\u00e9m\u016fm musela \u00fa\u010dast zru\u0161it Martina Kniezkov\u00e1.<\/p>\n<p align=\"justify\"> Atleti bojovali nejen s limity, ale tak\u00e9 s po\u010das\u00edm. Zat\u00edmco v p\u00e1tek panovala v N\u011bmecku tropick\u00e1 vedra, v sobotu se velmi ochladilo a z\u00e1vod prov\u00e1zel d\u00e9\u0161\u0165. P\u00e1te\u010dn\u00ed odpoledne nastoupili k o\u0161t\u011bpu Ros\u0165a Pohlmann a Ale\u0161 Kis\u00fd. Ob\u011bma se poda\u0159ilo poko\u0159it limit B a v\u00fdkonem 36,47m obsadil Ros\u0165a (F 57) 3.m\u00edsto a Ale\u0161 (F53) 16,12 \u010dtvrt\u00e9 m\u00edsto.<br \/> V sobotu se p\u0159edstavila v kouli Eva Kacanu, kter\u00e1 tak\u00e9 splnila B limit v\u00fdkonem 6,05 a skon\u010dila na t\u0159et\u00ed p\u0159\u00ed\u010dce. Dal\u0161\u00edm &#8222;B\u00e9\u010dka\u0159em&#8220; v kouli je Ale\u0161 Kis\u00fd, v\u00fdkonem 7,74m a druhou p\u0159\u00ed\u010dkou v celkov\u00e9m po\u0159ad\u00ed. Bohu\u017eel se neda\u0159ilo Milanu Bl\u00e1hovi, kter\u00fd v\u00fdkonem 8,28m z\u016fstal za o\u010dek\u00e1v\u00e1n\u00edm a skon\u010dil na 8.m\u00edst\u011b.<br \/> V ned\u011bln\u00edm disku splnil letos ji\u017e podruh\u00e9 Ros\u0165a Pohlamann limit A, tentokr\u00e1t v\u00fdkonem 44,80. Jarda Petrou\u0161 (F58) p\u0159edvedl p\u011bkn\u00fd v\u00fdkon 49,10m, co\u017e ale na limit nesta\u010dilo.<\/p>\n<p> Dal\u0161\u00ed mo\u017enost bojovat o \u00fa\u010dast na MS budou m\u00edt atleti na Mistrovstv\u00ed republiky v Olomouci 25.-27.6.2010. <\/p>\n<p> Kompletn\u00ed v\u00fdsledky <a href=\" http:\/\/skmoravia.cz\/atletika\/ostatni\/German_10_results.pdf\"><font color=\"#0066CC\"> zde<\/font><\/a><\/p>\n","protected":false},"excerpt":{"rendered":"<a href=\"https:\/\/www.caths.cz\/wordpress\/atleti-bojovali-v-nemecku-o-limity-na-ms\/\"><img loading=\"lazy\" decoding=\"async\" width=\"100\" height=\"100\" src=\"https:\/\/www.caths.cz\/wordpress\/wp-content\/plugins\/thumbnail-for-excerpts\/tfe_no_thumb.png\" class=\"alignleft wp-post-image tfe\" alt=\"\" title=\"\" \/><\/a><p>Druh\u00fdm z\u00e1vodem, na kter\u00e9m se daly plnit kvalifika\u010dn\u00ed limity pro MS, bylo atletick\u00e9 Mezin\u00e1rodn\u00ed mistrovstv\u00ed N\u011bmecka v Bottropu, kam se vydala i skupinka \u010desk\u00fdch atlet\u016f voz\u00ed\u010dk\u00e1\u0159\u016f \u2013 Eva Kacanu, Milan [&hellip;]<\/p>\n","protected":false},"author":1,"featured_media":0,"comment_status":"closed","ping_status":"closed","sticky":false,"template":"","format":"standard","meta":{"ngg_post_thumbnail":0,"footnotes":""},"categories":[5],"tags":[],"class_list":["post-1454","post","type-post","status-publish","format-standard","hentry","category-atletika"],"_links":{"self":[{"href":"https:\/\/www.caths.cz\/wordpress\/wp-json\/wp\/v2\/posts\/1454","targetHints":{"allow":["GET"]}}],"collection":[{"href":"https:\/\/www.caths.cz\/wordpress\/wp-json\/wp\/v2\/posts"}],"about":[{"href":"https:\/\/www.caths.cz\/wordpress\/wp-json\/wp\/v2\/types\/post"}],"author":[{"embeddable":true,"href":"https:\/\/www.caths.cz\/wordpress\/wp-json\/wp\/v2\/users\/1"}],"replies":[{"embeddable":true,"href":"https:\/\/www.caths.cz\/wordpress\/wp-json\/wp\/v2\/comments?post=1454"}],"version-history":[{"count":0,"href":"https:\/\/www.caths.cz\/wordpress\/wp-json\/wp\/v2\/posts\/1454\/revisions"}],"wp:attachment":[{"href":"https:\/\/www.caths.cz\/wordpress\/wp-json\/wp\/v2\/media?parent=1454"}],"wp:term":[{"taxonomy":"category","embeddable":true,"href":"https:\/\/www.caths.cz\/wordpress\/wp-json\/wp\/v2\/categories?post=1454"},{"taxonomy":"post_tag","embeddable":true,"href":"https:\/\/www.caths.cz\/wordpress\/wp-json\/wp\/v2\/tags?post=1454"}],"curies":[{"name":"wp","href":"https:\/\/api.w.org\/{rel}","templated":true}]}}