{"id":1452,"date":"2010-06-12T15:43:10","date_gmt":"2010-06-12T14:43:10","guid":{"rendered":"http:\/\/www.caths.cz\/wordpress\/?p=1452"},"modified":"2010-06-12T15:43:10","modified_gmt":"2010-06-12T14:43:10","slug":"mazec-na-trech-kolech","status":"publish","type":"post","link":"https:\/\/www.caths.cz\/wordpress\/mazec-na-trech-kolech\/","title":{"rendered":"Mazec na t\u0159ech kolech"},"content":{"rendered":"<p align=\"justify\">\nP\u0159e\u010dt\u011bte si \u010dl\u00e1nky od Eli\u0161ky \u0160\u00e1rky Dole\u017eelov\u00e9 a Tom\u00e1\u0161e Poucha, kter\u00fd pos\u00edl\u00e1 i dal\u0161\u00ed videa \u010cern\u00fdch ko\u0148\u00ed.\n<\/p>\n<p align=\"justify\"> Cht\u011bl jsem zde \u0161iroce popsat t\u011b\u017ek\u00fd osud Eli\u0161ky \u0160\u00e1rky Dole\u017eelov\u00e9, prvn\u00ed \u017eeny, kter\u00e1 dokon\u010dila z\u00e1vod horsk\u00fdch kol na zcela odli\u0161n\u00e9m kole, na kole konstruovan\u00e9m pro voz\u00ed\u010dk\u00e1\u0159e, na kole kde se \u0161lape rukama, na kole zvan\u00e9m handbike. T\u00e9to d\u00edvce osud nalo\u017eil tolik, \u017ee by to vydalo na truchliv\u00fd rom\u00e1n. V\u011bt\u0161ina z n\u00e1s by se pod tou t\u00edhou zlomila, ale to nen\u00ed Eli\u0161\u010din p\u0159\u00edpad. Je siln\u00e1 osobnost, kter\u00e1 sv\u00fdmi \u010diny inspiruje ostatn\u00ed. Proto nap\u00ed\u0161i n\u011bco m\u00e1lo o jej\u00edm prvn\u00edm z\u00e1vod\u011b. <\/p>\n<p> 19. dubna 2010, kontaktuje Eli\u0161ka \u010cern\u00e9 kon\u011b, aby se poradila p\u0159ed koup\u00ed handbike. P\u011btadvac\u00e1t\u00e9ho poprv\u00e9 used\u00e1 do speci\u00e1lu, kter\u00fd m\u00e1 m\u00edsto \u0159id\u00edtek \u0161lapky. Prvn\u00ed dojmy jsou sp\u00ed\u0161e rozpa\u010dit\u00e9, a Eli\u0161ka smutn\u011b konstatuje, TO nen\u00ed kolo! Ale kostky jsou ji\u017e vr\u017eeny. Op\u011bt sn\u00ed o z\u00e1vodech horsk\u00fdch kol a op\u011bt zaleh\u00e1 do handbike, aby z\u00edskala s\u00edlu na nezpevn\u011bn\u00e9 cesty, lesn\u00ed ter\u00e9n a tak\u00e9 na nekone\u010dn\u00e1 stoup\u00e1n\u00ed. Pom\u011brn\u011b brzy s partou \u010cern\u00fdch kon\u00ed zvl\u00e1d\u00e1 60km na silnici, a v dal\u0161\u00edch dnech u\u017e jen d\u0159e po lese, aby si ruce zvykali na tu neskute\u010dnou n\u00e1lo\u017e. P\u0159ich\u00e1z\u00ed \u010derven a s n\u00edm prvn\u00ed z\u00e1vod \u010cesk\u00e9ho poh\u00e1ru handicapovan\u00fdch v horsk\u00e9 cyklistice a kategorie handbike. <\/p>\n<p> Od my\u0161lenky po realizaci ub\u011bhlo asi 40dn\u00ed. Je 5. \u010derven a Eli\u0161ka se \u0159ad\u00ed na Jistebnick\u00e9m kancion\u00e1lu (z\u00e1vod horsk\u00fdch kol) na \u0161pi\u010dku pelotonu. Z\u00e1vod pojede s t\u00fdmov\u00fdmi kolegy, se Zde\u0148kem Kirchem, prvn\u00edm mu\u017eem na MTB handbike, a Ji\u0159\u00edm Kalou, kter\u00fd nen\u00ed voz\u00ed\u010dk\u00e1\u0159, ale do handbike byl na z\u00e1vod posazen, aby si na vlastn\u00ed k\u016f\u017ei vyzkou\u0161el, jak\u00e1 je to rukama d\u0159ina. <\/p>\n<p> Skupinka handbiker\u016f startuje prvn\u00ed a vz\u00e1p\u011bt\u00ed opou\u0161t\u00ed hranice malebn\u00e9 Jistebnice a m\u00ed\u0159\u00ed vst\u0159\u00edc bl\u00e1tiv\u00fdm cest\u00e1m. Vz\u00e1p\u011bt\u00ed odstartovali cho\u010f\u00e1ci. Ti maj\u00ed jinou trasu, tak nedoch\u00e1z\u00ed k tomu, \u017ee by handbiky dojeli hned po startu. <\/p>\n<p> Je mi ct\u00ed, \u017ee mohu skupinku na speci\u00e1lech prov\u00e1zet, a tak pr\u016fb\u011bh z\u00e1vodu p\u0159ibl\u00ed\u017eit i V\u00e1m. <\/p>\n<p> Za Jistebnic\u00ed m\u00edj\u00edme rybn\u00edk a \u010dek\u00e1 n\u00e1s prvn\u00ed dlouh\u00e9 stoup\u00e1n\u00ed. P\u0159ehazuji na ka\u0161p\u00e1rka a s obdivem sleduji jak si to Eli\u0161ka a kluci d\u00e1vaj\u00ed. Neskute\u010dn\u00fd respekt, to jsou slova, kter\u00e1 asi nejl\u00e9pe vystihuj\u00ed v\u00fdkon t\u011bchto borc\u016f. Po zdol\u00e1n\u00ed prvn\u00edho stoup\u00e1n\u00ed n\u00e1s \u010dekaj\u00ed bl\u00e1tiv\u00e9 lou\u017ee, co\u017e je pro handbiky na silni\u010dn\u00edch galusk\u00e1ch fakt maso. Na galusk\u00e1ch jsme nuceni jet, proto\u017ee jsme ji\u017e p\u0159ekro\u010dili finan\u010dn\u00ed rozpo\u010det na tento rok, a na n\u00e1ro\u010dnou p\u0159estavbu na ter\u00e9nn\u00ed speci\u00e1ly n\u00e1m ji\u017e nezbylo. O to v\u00edc smek\u00e1m p\u0159ed v\u00fdkonem jezdc\u016f. <\/p>\n<p> Ka\u017edou chv\u00edli my, cho\u010f\u00e1ci, tla\u010d\u00edme zapadl\u00e9 stroje z bl\u00e1tiv\u00fdch lou\u017e\u00ed. Tato d\u0159ina je vykoupena pohodovou atmosf\u00e9rou, kter\u00e1 v t\u00fdmu panuje. Jeden kopec st\u0159\u00edd\u00e1 druh\u00fd a lou\u017ee bl\u00e1tiv\u00e9 cesty. Odm\u011bnou jsou sjezdy a asfaltov\u00e9 \u00faseky. N\u011bkolikr\u00e1t prot\u00edn\u00e1me tra\u0165 hlavn\u00edho z\u00e1vodu, ale p\u0159ed prvn\u00edmi z\u00e1vodn\u00edky m\u00e1me zat\u00edm n\u00e1skok. Na nejzaz\u0161\u00edm m\u00edst\u011b na\u0161i trasy odbo\u010dujeme a m\u00ed\u0159\u00edme k p\u0159edem napl\u00e1novan\u00e9 ob\u010derstvova\u010dce U bizona. Zde prach cesty spl\u00e1chneme m\u00edstn\u00edm jon\u00e1kem. <\/p>\n<p> To u\u017e proj\u00ed\u017ed\u011bj\u00ed prvn\u00ed z hlavn\u00edho z\u00e1vodu, tak p\u0159i ob\u010derstvov\u00e1n\u00ed fand\u00edme. Pak p\u0159ich\u00e1z\u00ed \u010das na dokon\u010den\u00ed z\u00e1vodu. Domlouv\u00e1me se, \u017ee z\u00e1vodit za\u010dneme a\u017e v Jistebnici, a\u0165 udr\u017e\u00edme skupinku co nejd\u00e9le pohromad\u011b. <\/p>\n<p> Cesta zp\u011bt je u\u017e po silnici. Z kopce a do kopce, z kopce a do kopce, z kopce a do kopce, a z kopce do Jistebnice. Snad jsem \u017e\u00e1dn\u00fd kopec nevynechal. Obj\u00ed\u017ed\u00edme c\u00edlovou z\u00f3nu a napojujeme se na posledn\u00ed \u00fasek siln\u011b rozbahn\u011bn\u00e9 trati. Zde jezdci na handbik\u00e1ch vy\u017ed\u00edmaj\u00ed ze sv\u00fdch biceps\u016f posledn\u00ed zbytky sil a za siln\u00e9 div\u00e1ck\u00e9 podpory prot\u00ednaj\u00ed pomyslnou c\u00edlovou p\u00e1sku. Prvn\u00ed p\u0159ij\u00ed\u017ed\u00ed Eli\u0161ka \u0160\u00e1rka Dole\u017eelov\u00e1 n\u00e1sledovan\u00e1 Zd\u011bnou Kirchem a Ji\u0159\u00edm Kalou. Moder\u00e1tor z\u00e1vodu, Tom\u00e1\u0161 Hauptvogel, zpov\u00edd\u00e1 jezdce a j\u00e1 m\u00e1m op\u011bt jako loni v Jevi\u0161ovce, kdy Zden\u011bk Kirch dokon\u010dil sv\u016fj prvn\u00ed z\u00e1vod na handbike, slzy v o\u010d\u00edch, kter\u00e9 se nezadr\u017eiteln\u011b derou ven. Je zde \u010das emoc\u00ed, opravdu siln\u00fd z\u00e1\u017eitek\u2026 <\/p>\n<p> D\u011bkuji v\u0161em, kte\u0159\u00ed pomohli s realizac\u00ed tohoto z\u00e1vodu, p\u0159edn\u011b Pavlovi Ryba\u0159\u00edkovi, a jezdc\u016fm na handbike za skv\u011blou atmosf\u00e9ru a za inspiraci nejen pro handicapovan\u00e9. <\/p>\n<p> Byl to opravdu nezapomenuteln\u00fd den, kdy Eli\u0161ka nastavila \u017een\u00e1m na voz\u00edku la\u0165ku, a v\u011b\u0159\u00edm, \u017ee p\u00e1nov\u00e9 nez\u016fstanou dlouho pozadu . <\/p>\n<p> Za \u010cern\u00e9 kon\u011b, Tom\u00e1\u0161 Pouch V\u00edce info o handicapovan\u00fdch na MTB z\u00e1vodech hledejte na <a href=\"http:\/\/www.cernikone.cz\"><font color=\"#0066CC\">www.cernikone.cz<\/font><\/a> <\/p>\n<p> Druh\u00fd \u010dl\u00e1nek od Eli\u0161ky \u0160\u00e1rky Dole\u017eelov\u00e9 ke sta\u017een\u00ed <a href=\"http:\/\/www.caths.cz\/storage\/handbike\/Jeden za vsechny.pdf\"><font color=\"#0066CC\"> zde<\/font><\/a> <\/p>\n<p> <img decoding=\"async\" src=\"\/wordpress\/image\/k_clankum\/kone.jpg\"><\/p>\n<p> A dv\u011b videa, jedno ze z\u00e1vodu <a href=\"http:\/\/www.youtube.com\/watch?v=5sddJbi-LeE\"><font color=\"#0066CC\"> zde<\/font><\/a> a druh\u00e9 z p\u0159\u00edpravy z\u00e1vodu<a href=\"http:\/\/www.youtube.com\/watch?v=PcjObT6PQdg\"><font color=\"#0066CC\"> tady.<\/font><\/a> <\/p>\n","protected":false},"excerpt":{"rendered":"<a href=\"https:\/\/www.caths.cz\/wordpress\/mazec-na-trech-kolech\/\"><img loading=\"lazy\" decoding=\"async\" width=\"100\" height=\"100\" src=\"https:\/\/www.caths.cz\/wordpress\/wp-content\/plugins\/thumbnail-for-excerpts\/tfe_no_thumb.png\" class=\"alignleft wp-post-image tfe\" alt=\"\" title=\"\" \/><\/a><p>P\u0159e\u010dt\u011bte si \u010dl\u00e1nky od Eli\u0161ky \u0160\u00e1rky Dole\u017eelov\u00e9 a Tom\u00e1\u0161e Poucha, kter\u00fd pos\u00edl\u00e1 i dal\u0161\u00ed videa \u010cern\u00fdch ko\u0148\u00ed. Cht\u011bl jsem zde \u0161iroce popsat t\u011b\u017ek\u00fd osud Eli\u0161ky \u0160\u00e1rky Dole\u017eelov\u00e9, prvn\u00ed \u017eeny, kter\u00e1 [&hellip;]<\/p>\n","protected":false},"author":1,"featured_media":0,"comment_status":"closed","ping_status":"closed","sticky":false,"template":"","format":"standard","meta":{"ngg_post_thumbnail":0,"footnotes":""},"categories":[40],"tags":[],"class_list":["post-1452","post","type-post","status-publish","format-standard","hentry","category-pojed-s-nami"],"_links":{"self":[{"href":"https:\/\/www.caths.cz\/wordpress\/wp-json\/wp\/v2\/posts\/1452","targetHints":{"allow":["GET"]}}],"collection":[{"href":"https:\/\/www.caths.cz\/wordpress\/wp-json\/wp\/v2\/posts"}],"about":[{"href":"https:\/\/www.caths.cz\/wordpress\/wp-json\/wp\/v2\/types\/post"}],"author":[{"embeddable":true,"href":"https:\/\/www.caths.cz\/wordpress\/wp-json\/wp\/v2\/users\/1"}],"replies":[{"embeddable":true,"href":"https:\/\/www.caths.cz\/wordpress\/wp-json\/wp\/v2\/comments?post=1452"}],"version-history":[{"count":0,"href":"https:\/\/www.caths.cz\/wordpress\/wp-json\/wp\/v2\/posts\/1452\/revisions"}],"wp:attachment":[{"href":"https:\/\/www.caths.cz\/wordpress\/wp-json\/wp\/v2\/media?parent=1452"}],"wp:term":[{"taxonomy":"category","embeddable":true,"href":"https:\/\/www.caths.cz\/wordpress\/wp-json\/wp\/v2\/categories?post=1452"},{"taxonomy":"post_tag","embeddable":true,"href":"https:\/\/www.caths.cz\/wordpress\/wp-json\/wp\/v2\/tags?post=1452"}],"curies":[{"name":"wp","href":"https:\/\/api.w.org\/{rel}","templated":true}]}}